{"id":9131,"date":"2023-07-07T10:45:08","date_gmt":"2023-07-07T10:45:08","guid":{"rendered":"https:\/\/www.graulaw.eu\/?p=9131"},"modified":"2023-07-07T10:45:08","modified_gmt":"2023-07-07T10:45:08","slug":"die-unterschrift-auf-dem-frachtbrief-oder-der-ladeliste-als-haftungsfalle","status":"publish","type":"post","link":"https:\/\/www.graulaw.eu\/de\/die-unterschrift-auf-dem-frachtbrief-oder-der-ladeliste-als-haftungsfalle\/","title":{"rendered":"Die Unterschrift auf dem Frachtbrief oder der Ladeliste als Haftungsfalle"},"content":{"rendered":"\t\t<div data-elementor-type=\"wp-post\" data-elementor-id=\"9131\" class=\"elementor elementor-9131\">\n\t\t\t\t\t\t<section class=\"elementor-section elementor-top-section elementor-element elementor-element-3b06376 elementor-section-boxed elementor-section-height-default elementor-section-height-default\" data-id=\"3b06376\" data-element_type=\"section\" data-e-type=\"section\">\n\t\t\t\t\t\t<div class=\"elementor-container elementor-column-gap-default\">\n\t\t\t\t\t<div class=\"elementor-column elementor-col-100 elementor-top-column elementor-element elementor-element-e76f95b\" data-id=\"e76f95b\" data-element_type=\"column\" data-e-type=\"column\">\n\t\t\t<div class=\"elementor-widget-wrap elementor-element-populated\">\n\t\t\t\t\t\t<div class=\"elementor-element elementor-element-2557aff elementor-blockquote--skin-border elementor-blockquote--button-color-official elementor-widget elementor-widget-blockquote\" data-id=\"2557aff\" data-element_type=\"widget\" data-e-type=\"widget\" data-widget_type=\"blockquote.default\">\n\t\t\t\t<div class=\"elementor-widget-container\">\n\t\t\t\t\t\t\t<blockquote class=\"elementor-blockquote\">\n\t\t\t<p class=\"elementor-blockquote__content\">\n\t\t\t\tLKW-Fahrer unterschreiben oft den CMR-Frachtbrief oder eine Ladeliste, ohne die Ladung zu pr\u00fcfen. Dies kann zur Haftung des Frachtf\u00fchrers f\u00fchren, wenn ein Teil der Ladung fehlt. Der Bundesgerichtshof hat entschieden, dass der Frachtf\u00fchrer f\u00fcr den Schaden gem\u00e4\u00df Art. 29 CMR in voller H\u00f6he haftet. \t\t\t<\/p>\n\t\t\t\t\t<\/blockquote>\n\t\t\t\t\t\t<\/div>\n\t\t\t\t<\/div>\n\t\t\t\t\t<\/div>\n\t\t<\/div>\n\t\t\t\t\t<\/div>\n\t\t<\/section>\n\t\t\t\t<section class=\"elementor-section elementor-top-section elementor-element elementor-element-51eb1a2 elementor-section-boxed elementor-section-height-default elementor-section-height-default\" data-id=\"51eb1a2\" data-element_type=\"section\" data-e-type=\"section\">\n\t\t\t\t\t\t<div class=\"elementor-container elementor-column-gap-default\">\n\t\t\t\t\t<div class=\"elementor-column elementor-col-100 elementor-top-column elementor-element elementor-element-437242e\" data-id=\"437242e\" data-element_type=\"column\" data-e-type=\"column\">\n\t\t\t<div class=\"elementor-widget-wrap elementor-element-populated\">\n\t\t\t\t\t\t<div class=\"elementor-element elementor-element-53abaa8 elementor-widget elementor-widget-text-editor\" data-id=\"53abaa8\" data-element_type=\"widget\" data-e-type=\"widget\" data-widget_type=\"text-editor.default\">\n\t\t\t\t<div class=\"elementor-widget-container\">\n\t\t\t\t\t\t\t\t\t<p>In der t\u00e4glichen Praxis kommt es immer wieder vor, dass LKW-Fahrer bei \u00dcbernahme der Ladung den CMR-Frachtbrief oder eine Ladeliste \u201eblind\u201c unterschreiben, ohne zu pr\u00fcfen, ob die aufgelisteten G\u00fcter tats\u00e4chlich und vollst\u00e4ndig auf den LKW verladen worden sind. Hierf\u00fcr gibt es vielf\u00e4ltige Gr\u00fcnde wie zum Beispiel mangelnde Zusammenarbeit des Verladepersonals mit dem Fahrer, fehlende Sprachkenntnisse oder Bequemlichkeit des Fahrers. Stellt sich bei der Ablieferung des Gutes heraus, dass ein Teil der im Frachtbrief oder Ladeliste aufgef\u00fchrten Ladung fehlt, f\u00fchrt dies regelm\u00e4\u00dfig zur Haftung des Frachtf\u00fchrers.<\/p><h2><strong>Entscheidung des Bundesgerichtshofs<\/strong><\/h2><p>Der Bundesgerichtshof hatte im Jahr 2014 \u00fcber folgenden Sachverhalt zu entscheiden: Der Frachtf\u00fchrer war mit dem Transport einer Vielzahl von Packst\u00fccken, darunter ein Paket Carboplatin mit einem Warenwert von runter 78.000 EUR, beauftragt. Der Fahrer hielt sich w\u00e4hrend der Beladung im F\u00fchrerhaus des LKW auf. Nach Abschluss des Beladevorgangs unterzeichnete der Fahrer unterzeichnete die ihm vorgelegte Ladeliste, in der auch ein Paket mit Carboplatin aufgef\u00fchrt war, unter dem Vermerk \u201eObige Sendung erhalten\u201c. Der Fahrer verschloss den bis dahin offen stehenden LKW und trat die Fahrt an. Bei Ankunft des LKW an der Entladestelle fehlte das Paket mit Carboplatin.<\/p><p>Nach Art. 17 Abs. 1 CMR haftet der Frachtf\u00fchrer f\u00fcr den Verlust des Gutes, wenn der Verlust zwischen dem Zeitpunkt der \u00dcbernahme des Gutes und dem seiner Ablieferung eintritt.\u00a0 Der Fahrer hat das Transportgut bereits in dem Moment \u00fcbernommen, in dem er sich mit den Lagerarbeitern in das B\u00fcro begeben hat. Zu diesem Zeitpunkt war der Fahrer in der Lage, das Transportgut durch Verschlie\u00dfen des Laderaums vor Sch\u00e4den zu bewahren.<\/p><p>Der Frachtf\u00fchrer kann sich nicht mit Erfolg auf die Beweisvermutung nach Art. 9 Abs. 2 CMR berufen. Nach dieser Bestimmung wird bis zum Beweis des Gegenteils vermutet, dass die Anzahl der Frachtst\u00fccke und ihre Zeichen und Nummern mit den Angaben im Frachtbrief \u00fcbereinstimmen, wenn der Frachtbrief keinen begr\u00fcndeten Vorbehalt des Frachtf\u00fchrers enth\u00e4lt. Diese Beweisvermutung greift aber nur ein, wenn ein den Vorschriften der Art. 5 und 6 CMR entsprechender Frachtbrief vorliegt. Wurde &#8211; wie hier &#8211; weder ein Ladeschein noch ein Frachtbrief ausgestellt, kann der Beweis f\u00fcr die Anzahl der \u00fcbergebenen Frachtst\u00fccke grunds\u00e4tzlich auch durch eine von dem Frachtf\u00fchrer oder seinem Fahrer unterzeichnete Empfangsbest\u00e4tigung (\u00dcbernahmequittung) gef\u00fchrt werden.<\/p><p>Unterzeichnet der Fahrer die \u00dcbernahmequittung, ohne die angegebene St\u00fcckzahl einer m\u00f6glichen Kontrolle zu unterziehen, verh\u00e4lt er sich treuwidrig, wenn er sich sp\u00e4ter darauf beruft, die \u00dcbernahmequittung sei &#8222;blind&#8220; erteilt worden.\u00a0 Auch wenn die \u00dcbernahmequittung ohne Kontrolle unterzeichnet worden ist, begr\u00fcndet sie die widerlegliche Vermutung f\u00fcr die \u00dcbernahme des Pakets mit Carboplatin.<\/p><p>Der Bundesgerichtshof hat ferner entschieden, dass der Frachtf\u00fchrer f\u00fcr den Schaden gem\u00e4\u00df Art. 29 CMR in voller H\u00f6he haftet. Der Vorwurf der Leichtfertigkeit ist gerechtfertigt, weil, es sich der Kontrolle der verladenen Waren und der Verschlie\u00dfung des LKW-Trailers nach Abschluss der Beladung durch den Fahrer um elementare Vorkehrungen gegen den Verlust von Ware handelt.<\/p><h2><strong>Konsequenz f\u00fcr die Praxis<\/strong><\/h2><p>Zur Vermeidung einer Haftung nach Art. 29 CMR ist es zwingend erforderlich, dass die Zahl (und der Zustand) der geladenen G\u00fcter bei der Beladung durch den Fahrer kontrolliert wird. Wird die Kontrolle verweigert, muss der Fahrer dies im Frachtbrief, in der Ladeliste oder in der \u00dcbernahmequittung vermerken. Zur Vermeidung von Haftungsrisiken, ist der Frachtf\u00fchrer verpflichtet, den Fahrer (oder Subunternehmer) zu entsprechenden Kontrollma\u00dfnahmen anzuhalten.<\/p>\t\t\t\t\t\t\t\t<\/div>\n\t\t\t\t<\/div>\n\t\t\t\t\t<\/div>\n\t\t<\/div>\n\t\t\t\t\t<\/div>\n\t\t<\/section>\n\t\t\t\t<section class=\"elementor-section elementor-top-section elementor-element elementor-element-9ac643b elementor-section-boxed elementor-section-height-default elementor-section-height-default\" data-id=\"9ac643b\" data-element_type=\"section\" data-e-type=\"section\">\n\t\t\t\t\t\t<div class=\"elementor-container elementor-column-gap-default\">\n\t\t\t\t\t<div class=\"elementor-column elementor-col-100 elementor-top-column elementor-element elementor-element-8af4432\" data-id=\"8af4432\" data-element_type=\"column\" data-e-type=\"column\">\n\t\t\t<div class=\"elementor-widget-wrap elementor-element-populated\">\n\t\t\t\t\t\t<div class=\"elementor-element elementor-element-92aebd2 elementor-widget elementor-widget-spacer\" data-id=\"92aebd2\" data-element_type=\"widget\" data-e-type=\"widget\" data-widget_type=\"spacer.default\">\n\t\t\t\t<div class=\"elementor-widget-container\">\n\t\t\t\t\t\t\t<div class=\"elementor-spacer\">\n\t\t\t<div class=\"elementor-spacer-inner\"><\/div>\n\t\t<\/div>\n\t\t\t\t\t\t<\/div>\n\t\t\t\t<\/div>\n\t\t\t\t<div class=\"elementor-element elementor-element-cef9ce7 elementor-widget elementor-widget-text-editor\" data-id=\"cef9ce7\" data-element_type=\"widget\" data-e-type=\"widget\" data-widget_type=\"text-editor.default\">\n\t\t\t\t<div class=\"elementor-widget-container\">\n\t\t\t\t\t\t\t\t\t<p><a href=\"https:\/\/www.graulaw.eu\/de\/unsere-expertise\/\">Grau Rechtsanw\u00e4lte PartGmbB\u00a0<\/a>vertritt Transport- und Speditionsunternehmen<strong> in allen gerichtlichen und au\u00dfergerichtlichen Angelegenheiten<\/strong> im Zusammenhang mit dem Warentransport, in Ordnungswidrigkeitenverfahren und bietet effektives Forderungsmanagement.<\/p>\t\t\t\t\t\t\t\t<\/div>\n\t\t\t\t<\/div>\n\t\t\t\t\t<\/div>\n\t\t<\/div>\n\t\t\t\t\t<\/div>\n\t\t<\/section>\n\t\t\t\t<section class=\"elementor-section elementor-top-section elementor-element elementor-element-2e378f1 elementor-section-boxed elementor-section-height-default elementor-section-height-default\" data-id=\"2e378f1\" data-element_type=\"section\" data-e-type=\"section\">\n\t\t\t\t\t\t<div class=\"elementor-container elementor-column-gap-default\">\n\t\t\t\t\t<div class=\"elementor-column elementor-col-100 elementor-top-column elementor-element elementor-element-dc48086\" data-id=\"dc48086\" data-element_type=\"column\" data-e-type=\"column\">\n\t\t\t<div class=\"elementor-widget-wrap elementor-element-populated\">\n\t\t\t\t\t\t<div class=\"elementor-element elementor-element-4f43554 elementor-widget elementor-widget-text-editor\" data-id=\"4f43554\" data-element_type=\"widget\" data-e-type=\"widget\" data-widget_type=\"text-editor.default\">\n\t\t\t\t<div class=\"elementor-widget-container\">\n\t\t\t\t\t\t\t\t\t<p>Bei weiteren Fragen wenden Sie sich bitte an unsere Kanzlei unter +49 (0) 40 180 364 020 oder\u00a0<a href=\"mailto:office@graulaw.eu\">office@graulaw.eu<\/a>.<\/p>\t\t\t\t\t\t\t\t<\/div>\n\t\t\t\t<\/div>\n\t\t\t\t\t<\/div>\n\t\t<\/div>\n\t\t\t\t\t<\/div>\n\t\t<\/section>\n\t\t\t\t<section class=\"elementor-section elementor-top-section elementor-element elementor-element-651ec2f elementor-section-boxed elementor-section-height-default elementor-section-height-default\" data-id=\"651ec2f\" data-element_type=\"section\" data-e-type=\"section\">\n\t\t\t\t\t\t<div class=\"elementor-container elementor-column-gap-default\">\n\t\t\t\t\t<div class=\"elementor-column elementor-col-100 elementor-top-column elementor-element elementor-element-9e021f0\" data-id=\"9e021f0\" data-element_type=\"column\" data-e-type=\"column\">\n\t\t\t<div class=\"elementor-widget-wrap elementor-element-populated\">\n\t\t\t\t\t\t<div class=\"elementor-element elementor-element-1c37a5a elementor-share-buttons--view-icon elementor-share-buttons--align-right elementor-share-buttons--color-custom elementor-share-buttons--skin-gradient elementor-share-buttons--shape-square elementor-grid-0 elementor-widget elementor-widget-share-buttons\" data-id=\"1c37a5a\" data-element_type=\"widget\" data-e-type=\"widget\" data-widget_type=\"share-buttons.default\">\n\t\t\t\t<div class=\"elementor-widget-container\">\n\t\t\t\t\t\t\t<div class=\"elementor-grid\">\n\t\t\t\t\t\t\t\t<div class=\"elementor-grid-item\">\n\t\t\t\t\t\t<div class=\"elementor-share-btn elementor-share-btn_facebook\" tabindex=\"0\" aria-label=\"Teilen auf facebook\">\n\t\t\t\t\t\t\t\t\t\t\t\t\t\t\t<span class=\"elementor-share-btn__icon\">\n\t\t\t\t\t\t\t\t<i class=\"fab fa-facebook\" aria-hidden=\"true\"><\/i>\t\t\t\t\t\t\t<\/span>\n\t\t\t\t\t\t\t\t\t\t\t\t\t\t\t\t\t\t\t\t<\/div>\n\t\t\t\t\t<\/div>\n\t\t\t\t\t\t\t\t\t<div class=\"elementor-grid-item\">\n\t\t\t\t\t\t<div class=\"elementor-share-btn elementor-share-btn_linkedin\" tabindex=\"0\" aria-label=\"Teilen auf linkedin\">\n\t\t\t\t\t\t\t\t\t\t\t\t\t\t\t<span class=\"elementor-share-btn__icon\">\n\t\t\t\t\t\t\t\t<i class=\"fab fa-linkedin\" aria-hidden=\"true\"><\/i>\t\t\t\t\t\t\t<\/span>\n\t\t\t\t\t\t\t\t\t\t\t\t\t\t\t\t\t\t\t\t<\/div>\n\t\t\t\t\t<\/div>\n\t\t\t\t\t\t<\/div>\n\t\t\t\t\t\t<\/div>\n\t\t\t\t<\/div>\n\t\t\t\t\t<\/div>\n\t\t<\/div>\n\t\t\t\t\t<\/div>\n\t\t<\/section>\n\t\t\t\t<\/div>\n\t\t","protected":false},"excerpt":{"rendered":"<p>LKW-Fahrer unterschreiben oft den CMR-Frachtbrief oder eine Ladeliste, ohne die Ladung zu pr\u00fcfen. Dies kann zur Haftung des Frachtf\u00fchrers f\u00fchren, wenn ein Teil der Ladung fehlt. Der Bundesgerichtshof hat entschieden, dass der Frachtf\u00fchrer f\u00fcr den Schaden gem\u00e4\u00df Art. 29 CMR in voller H\u00f6he haftet. In der t\u00e4glichen Praxis kommt es immer wieder vor, dass LKW-Fahrer [&hellip;]<\/p>\n","protected":false},"author":5,"featured_media":9142,"comment_status":"closed","ping_status":"closed","sticky":false,"template":"","format":"standard","meta":{"inline_featured_image":false,"footnotes":""},"categories":[10,22,26],"tags":[265,270],"class_list":["post-9131","post","type-post","status-publish","format-standard","has-post-thumbnail","hentry","category-transport-de","category-inhalt","category-publikationen","tag-adwokat-w-niemczech-de","tag-graulaw-blog-de"],"yoast_head":"<!-- This site is optimized with the Yoast SEO plugin v27.4 - https:\/\/yoast.com\/product\/yoast-seo-wordpress\/ -->\n<title>Die Unterschrift auf dem Frachtbrief oder der Ladeliste als Haftungsfalle | Grau Rechtsanw\u00e4lte PartGmbB<\/title>\n<meta name=\"robots\" content=\"index, follow, max-snippet:-1, max-image-preview:large, max-video-preview:-1\" \/>\n<link rel=\"canonical\" href=\"https:\/\/www.graulaw.eu\/de\/die-unterschrift-auf-dem-frachtbrief-oder-der-ladeliste-als-haftungsfalle\/\" \/>\n<meta property=\"og:locale\" content=\"de_DE\" \/>\n<meta property=\"og:type\" content=\"article\" \/>\n<meta property=\"og:title\" content=\"Die Unterschrift auf dem Frachtbrief oder der Ladeliste als Haftungsfalle | Grau Rechtsanw\u00e4lte PartGmbB\" \/>\n<meta property=\"og:description\" content=\"LKW-Fahrer unterschreiben oft den CMR-Frachtbrief oder eine Ladeliste, ohne die Ladung zu pr\u00fcfen. Dies kann zur Haftung des Frachtf\u00fchrers f\u00fchren, wenn ein Teil der Ladung fehlt. Der Bundesgerichtshof hat entschieden, dass der Frachtf\u00fchrer f\u00fcr den Schaden gem\u00e4\u00df Art. 29 CMR in voller H\u00f6he haftet. In der t\u00e4glichen Praxis kommt es immer wieder vor, dass LKW-Fahrer [&hellip;]\" \/>\n<meta property=\"og:url\" content=\"https:\/\/www.graulaw.eu\/de\/die-unterschrift-auf-dem-frachtbrief-oder-der-ladeliste-als-haftungsfalle\/\" \/>\n<meta property=\"og:site_name\" content=\"Grau Rechtsanw\u00e4lte PartGmbB\" \/>\n<meta property=\"article:publisher\" content=\"https:\/\/www.facebook.com\/ecommercegermany\" \/>\n<meta property=\"article:published_time\" content=\"2023-07-07T10:45:08+00:00\" \/>\n<meta property=\"og:image\" content=\"https:\/\/www.graulaw.eu\/wp-content\/uploads\/2023\/07\/iStock-1267625648.jpg\" \/>\n\t<meta property=\"og:image:width\" content=\"2083\" \/>\n\t<meta property=\"og:image:height\" content=\"1438\" \/>\n\t<meta property=\"og:image:type\" content=\"image\/jpeg\" \/>\n<meta name=\"author\" content=\"Marzena Helmecka\" \/>\n<meta name=\"twitter:card\" content=\"summary_large_image\" \/>\n<meta name=\"twitter:label1\" content=\"Verfasst von\" \/>\n\t<meta name=\"twitter:data1\" content=\"Marzena Helmecka\" \/>\n\t<meta name=\"twitter:label2\" content=\"Gesch\u00e4tzte Lesezeit\" \/>\n\t<meta name=\"twitter:data2\" content=\"3\u00a0Minuten\" \/>\n<script type=\"application\/ld+json\" class=\"yoast-schema-graph\">{\"@context\":\"https:\\\/\\\/schema.org\",\"@graph\":[{\"@type\":\"Article\",\"@id\":\"https:\\\/\\\/www.graulaw.eu\\\/de\\\/die-unterschrift-auf-dem-frachtbrief-oder-der-ladeliste-als-haftungsfalle\\\/#article\",\"isPartOf\":{\"@id\":\"https:\\\/\\\/www.graulaw.eu\\\/de\\\/die-unterschrift-auf-dem-frachtbrief-oder-der-ladeliste-als-haftungsfalle\\\/\"},\"author\":{\"name\":\"Marzena Helmecka\",\"@id\":\"https:\\\/\\\/www.graulaw.eu\\\/de\\\/#\\\/schema\\\/person\\\/dacc9eca6bc602109e4c03fc6783ea69\"},\"headline\":\"Die Unterschrift auf dem Frachtbrief oder der Ladeliste als Haftungsfalle\",\"datePublished\":\"2023-07-07T10:45:08+00:00\",\"mainEntityOfPage\":{\"@id\":\"https:\\\/\\\/www.graulaw.eu\\\/de\\\/die-unterschrift-auf-dem-frachtbrief-oder-der-ladeliste-als-haftungsfalle\\\/\"},\"wordCount\":673,\"publisher\":{\"@id\":\"https:\\\/\\\/www.graulaw.eu\\\/de\\\/#organization\"},\"image\":{\"@id\":\"https:\\\/\\\/www.graulaw.eu\\\/de\\\/die-unterschrift-auf-dem-frachtbrief-oder-der-ladeliste-als-haftungsfalle\\\/#primaryimage\"},\"thumbnailUrl\":\"https:\\\/\\\/www.graulaw.eu\\\/wp-content\\\/uploads\\\/2023\\\/07\\\/iStock-1267625648.jpg\",\"keywords\":[\"adwokat w niemczech\",\"graulaw blog\"],\"articleSection\":[\"Transport\",\"Inhalt\",\"Publikationen\"],\"inLanguage\":\"de\"},{\"@type\":\"WebPage\",\"@id\":\"https:\\\/\\\/www.graulaw.eu\\\/de\\\/die-unterschrift-auf-dem-frachtbrief-oder-der-ladeliste-als-haftungsfalle\\\/\",\"url\":\"https:\\\/\\\/www.graulaw.eu\\\/de\\\/die-unterschrift-auf-dem-frachtbrief-oder-der-ladeliste-als-haftungsfalle\\\/\",\"name\":\"Die Unterschrift auf dem Frachtbrief oder der Ladeliste als Haftungsfalle | Grau Rechtsanw\u00e4lte PartGmbB\",\"isPartOf\":{\"@id\":\"https:\\\/\\\/www.graulaw.eu\\\/de\\\/#website\"},\"primaryImageOfPage\":{\"@id\":\"https:\\\/\\\/www.graulaw.eu\\\/de\\\/die-unterschrift-auf-dem-frachtbrief-oder-der-ladeliste-als-haftungsfalle\\\/#primaryimage\"},\"image\":{\"@id\":\"https:\\\/\\\/www.graulaw.eu\\\/de\\\/die-unterschrift-auf-dem-frachtbrief-oder-der-ladeliste-als-haftungsfalle\\\/#primaryimage\"},\"thumbnailUrl\":\"https:\\\/\\\/www.graulaw.eu\\\/wp-content\\\/uploads\\\/2023\\\/07\\\/iStock-1267625648.jpg\",\"datePublished\":\"2023-07-07T10:45:08+00:00\",\"breadcrumb\":{\"@id\":\"https:\\\/\\\/www.graulaw.eu\\\/de\\\/die-unterschrift-auf-dem-frachtbrief-oder-der-ladeliste-als-haftungsfalle\\\/#breadcrumb\"},\"inLanguage\":\"de\",\"potentialAction\":[{\"@type\":\"ReadAction\",\"target\":[\"https:\\\/\\\/www.graulaw.eu\\\/de\\\/die-unterschrift-auf-dem-frachtbrief-oder-der-ladeliste-als-haftungsfalle\\\/\"]}]},{\"@type\":\"ImageObject\",\"inLanguage\":\"de\",\"@id\":\"https:\\\/\\\/www.graulaw.eu\\\/de\\\/die-unterschrift-auf-dem-frachtbrief-oder-der-ladeliste-als-haftungsfalle\\\/#primaryimage\",\"url\":\"https:\\\/\\\/www.graulaw.eu\\\/wp-content\\\/uploads\\\/2023\\\/07\\\/iStock-1267625648.jpg\",\"contentUrl\":\"https:\\\/\\\/www.graulaw.eu\\\/wp-content\\\/uploads\\\/2023\\\/07\\\/iStock-1267625648.jpg\",\"width\":2083,\"height\":1438,\"caption\":\"Cargo freight industry warehouse shipment transportation. Worker courier holding clipboard inspecting checklist loading cargo into a truck.\"},{\"@type\":\"BreadcrumbList\",\"@id\":\"https:\\\/\\\/www.graulaw.eu\\\/de\\\/die-unterschrift-auf-dem-frachtbrief-oder-der-ladeliste-als-haftungsfalle\\\/#breadcrumb\",\"itemListElement\":[{\"@type\":\"ListItem\",\"position\":1,\"name\":\"Home\",\"item\":\"https:\\\/\\\/www.graulaw.eu\\\/de\\\/\"},{\"@type\":\"ListItem\",\"position\":2,\"name\":\"Die Unterschrift auf dem Frachtbrief oder der Ladeliste als Haftungsfalle\"}]},{\"@type\":\"WebSite\",\"@id\":\"https:\\\/\\\/www.graulaw.eu\\\/de\\\/#website\",\"url\":\"https:\\\/\\\/www.graulaw.eu\\\/de\\\/\",\"name\":\"Grau Rechtsanw\u00e4lte PartGmbB\",\"description\":\"GRAU Rechtsanw\u00e4lte PartGmbB ist eine international ausgerichtete Rechtsanwaltskanzlei mit wirtschaftsrechtlicher Ausrichtung und Sitz in Hamburg.\",\"publisher\":{\"@id\":\"https:\\\/\\\/www.graulaw.eu\\\/de\\\/#organization\"},\"potentialAction\":[{\"@type\":\"SearchAction\",\"target\":{\"@type\":\"EntryPoint\",\"urlTemplate\":\"https:\\\/\\\/www.graulaw.eu\\\/de\\\/?s={search_term_string}\"},\"query-input\":{\"@type\":\"PropertyValueSpecification\",\"valueRequired\":true,\"valueName\":\"search_term_string\"}}],\"inLanguage\":\"de\"},{\"@type\":\"Organization\",\"@id\":\"https:\\\/\\\/www.graulaw.eu\\\/de\\\/#organization\",\"name\":\"Grau Rechtsanw\u00e4lte PartGmbB\",\"url\":\"https:\\\/\\\/www.graulaw.eu\\\/de\\\/\",\"logo\":{\"@type\":\"ImageObject\",\"inLanguage\":\"de\",\"@id\":\"https:\\\/\\\/www.graulaw.eu\\\/de\\\/#\\\/schema\\\/logo\\\/image\\\/\",\"url\":\"https:\\\/\\\/www.graulaw.eu\\\/wp-content\\\/uploads\\\/2022\\\/04\\\/logo.svg\",\"contentUrl\":\"https:\\\/\\\/www.graulaw.eu\\\/wp-content\\\/uploads\\\/2022\\\/04\\\/logo.svg\",\"width\":150,\"height\":48,\"caption\":\"Grau Rechtsanw\u00e4lte PartGmbB\"},\"image\":{\"@id\":\"https:\\\/\\\/www.graulaw.eu\\\/de\\\/#\\\/schema\\\/logo\\\/image\\\/\"},\"sameAs\":[\"https:\\\/\\\/www.facebook.com\\\/ecommercegermany\",\"https:\\\/\\\/www.facebook.com\\\/graulawtransport\",\"https:\\\/\\\/www.linkedin.com\\\/company\\\/graulaw\\\/\"]},{\"@type\":\"Person\",\"@id\":\"https:\\\/\\\/www.graulaw.eu\\\/de\\\/#\\\/schema\\\/person\\\/dacc9eca6bc602109e4c03fc6783ea69\",\"name\":\"Marzena Helmecka\",\"url\":\"https:\\\/\\\/www.graulaw.eu\\\/de\\\/author\\\/marzena-helmecka\\\/\"}]}<\/script>\n<!-- \/ Yoast SEO plugin. -->","yoast_head_json":{"title":"Die Unterschrift auf dem Frachtbrief oder der Ladeliste als Haftungsfalle | Grau Rechtsanw\u00e4lte PartGmbB","robots":{"index":"index","follow":"follow","max-snippet":"max-snippet:-1","max-image-preview":"max-image-preview:large","max-video-preview":"max-video-preview:-1"},"canonical":"https:\/\/www.graulaw.eu\/de\/die-unterschrift-auf-dem-frachtbrief-oder-der-ladeliste-als-haftungsfalle\/","og_locale":"de_DE","og_type":"article","og_title":"Die Unterschrift auf dem Frachtbrief oder der Ladeliste als Haftungsfalle | Grau Rechtsanw\u00e4lte PartGmbB","og_description":"LKW-Fahrer unterschreiben oft den CMR-Frachtbrief oder eine Ladeliste, ohne die Ladung zu pr\u00fcfen. Dies kann zur Haftung des Frachtf\u00fchrers f\u00fchren, wenn ein Teil der Ladung fehlt. Der Bundesgerichtshof hat entschieden, dass der Frachtf\u00fchrer f\u00fcr den Schaden gem\u00e4\u00df Art. 29 CMR in voller H\u00f6he haftet. In der t\u00e4glichen Praxis kommt es immer wieder vor, dass LKW-Fahrer [&hellip;]","og_url":"https:\/\/www.graulaw.eu\/de\/die-unterschrift-auf-dem-frachtbrief-oder-der-ladeliste-als-haftungsfalle\/","og_site_name":"Grau Rechtsanw\u00e4lte PartGmbB","article_publisher":"https:\/\/www.facebook.com\/ecommercegermany","article_published_time":"2023-07-07T10:45:08+00:00","og_image":[{"width":2083,"height":1438,"url":"https:\/\/www.graulaw.eu\/wp-content\/uploads\/2023\/07\/iStock-1267625648.jpg","type":"image\/jpeg"}],"author":"Marzena Helmecka","twitter_card":"summary_large_image","twitter_misc":{"Verfasst von":"Marzena Helmecka","Gesch\u00e4tzte Lesezeit":"3\u00a0Minuten"},"schema":{"@context":"https:\/\/schema.org","@graph":[{"@type":"Article","@id":"https:\/\/www.graulaw.eu\/de\/die-unterschrift-auf-dem-frachtbrief-oder-der-ladeliste-als-haftungsfalle\/#article","isPartOf":{"@id":"https:\/\/www.graulaw.eu\/de\/die-unterschrift-auf-dem-frachtbrief-oder-der-ladeliste-als-haftungsfalle\/"},"author":{"name":"Marzena Helmecka","@id":"https:\/\/www.graulaw.eu\/de\/#\/schema\/person\/dacc9eca6bc602109e4c03fc6783ea69"},"headline":"Die Unterschrift auf dem Frachtbrief oder der Ladeliste als Haftungsfalle","datePublished":"2023-07-07T10:45:08+00:00","mainEntityOfPage":{"@id":"https:\/\/www.graulaw.eu\/de\/die-unterschrift-auf-dem-frachtbrief-oder-der-ladeliste-als-haftungsfalle\/"},"wordCount":673,"publisher":{"@id":"https:\/\/www.graulaw.eu\/de\/#organization"},"image":{"@id":"https:\/\/www.graulaw.eu\/de\/die-unterschrift-auf-dem-frachtbrief-oder-der-ladeliste-als-haftungsfalle\/#primaryimage"},"thumbnailUrl":"https:\/\/www.graulaw.eu\/wp-content\/uploads\/2023\/07\/iStock-1267625648.jpg","keywords":["adwokat w niemczech","graulaw blog"],"articleSection":["Transport","Inhalt","Publikationen"],"inLanguage":"de"},{"@type":"WebPage","@id":"https:\/\/www.graulaw.eu\/de\/die-unterschrift-auf-dem-frachtbrief-oder-der-ladeliste-als-haftungsfalle\/","url":"https:\/\/www.graulaw.eu\/de\/die-unterschrift-auf-dem-frachtbrief-oder-der-ladeliste-als-haftungsfalle\/","name":"Die Unterschrift auf dem Frachtbrief oder der Ladeliste als Haftungsfalle | Grau Rechtsanw\u00e4lte PartGmbB","isPartOf":{"@id":"https:\/\/www.graulaw.eu\/de\/#website"},"primaryImageOfPage":{"@id":"https:\/\/www.graulaw.eu\/de\/die-unterschrift-auf-dem-frachtbrief-oder-der-ladeliste-als-haftungsfalle\/#primaryimage"},"image":{"@id":"https:\/\/www.graulaw.eu\/de\/die-unterschrift-auf-dem-frachtbrief-oder-der-ladeliste-als-haftungsfalle\/#primaryimage"},"thumbnailUrl":"https:\/\/www.graulaw.eu\/wp-content\/uploads\/2023\/07\/iStock-1267625648.jpg","datePublished":"2023-07-07T10:45:08+00:00","breadcrumb":{"@id":"https:\/\/www.graulaw.eu\/de\/die-unterschrift-auf-dem-frachtbrief-oder-der-ladeliste-als-haftungsfalle\/#breadcrumb"},"inLanguage":"de","potentialAction":[{"@type":"ReadAction","target":["https:\/\/www.graulaw.eu\/de\/die-unterschrift-auf-dem-frachtbrief-oder-der-ladeliste-als-haftungsfalle\/"]}]},{"@type":"ImageObject","inLanguage":"de","@id":"https:\/\/www.graulaw.eu\/de\/die-unterschrift-auf-dem-frachtbrief-oder-der-ladeliste-als-haftungsfalle\/#primaryimage","url":"https:\/\/www.graulaw.eu\/wp-content\/uploads\/2023\/07\/iStock-1267625648.jpg","contentUrl":"https:\/\/www.graulaw.eu\/wp-content\/uploads\/2023\/07\/iStock-1267625648.jpg","width":2083,"height":1438,"caption":"Cargo freight industry warehouse shipment transportation. Worker courier holding clipboard inspecting checklist loading cargo into a truck."},{"@type":"BreadcrumbList","@id":"https:\/\/www.graulaw.eu\/de\/die-unterschrift-auf-dem-frachtbrief-oder-der-ladeliste-als-haftungsfalle\/#breadcrumb","itemListElement":[{"@type":"ListItem","position":1,"name":"Home","item":"https:\/\/www.graulaw.eu\/de\/"},{"@type":"ListItem","position":2,"name":"Die Unterschrift auf dem Frachtbrief oder der Ladeliste als Haftungsfalle"}]},{"@type":"WebSite","@id":"https:\/\/www.graulaw.eu\/de\/#website","url":"https:\/\/www.graulaw.eu\/de\/","name":"Grau Rechtsanw\u00e4lte PartGmbB","description":"GRAU Rechtsanw\u00e4lte PartGmbB ist eine international ausgerichtete Rechtsanwaltskanzlei mit wirtschaftsrechtlicher Ausrichtung und Sitz in Hamburg.","publisher":{"@id":"https:\/\/www.graulaw.eu\/de\/#organization"},"potentialAction":[{"@type":"SearchAction","target":{"@type":"EntryPoint","urlTemplate":"https:\/\/www.graulaw.eu\/de\/?s={search_term_string}"},"query-input":{"@type":"PropertyValueSpecification","valueRequired":true,"valueName":"search_term_string"}}],"inLanguage":"de"},{"@type":"Organization","@id":"https:\/\/www.graulaw.eu\/de\/#organization","name":"Grau Rechtsanw\u00e4lte PartGmbB","url":"https:\/\/www.graulaw.eu\/de\/","logo":{"@type":"ImageObject","inLanguage":"de","@id":"https:\/\/www.graulaw.eu\/de\/#\/schema\/logo\/image\/","url":"https:\/\/www.graulaw.eu\/wp-content\/uploads\/2022\/04\/logo.svg","contentUrl":"https:\/\/www.graulaw.eu\/wp-content\/uploads\/2022\/04\/logo.svg","width":150,"height":48,"caption":"Grau Rechtsanw\u00e4lte PartGmbB"},"image":{"@id":"https:\/\/www.graulaw.eu\/de\/#\/schema\/logo\/image\/"},"sameAs":["https:\/\/www.facebook.com\/ecommercegermany","https:\/\/www.facebook.com\/graulawtransport","https:\/\/www.linkedin.com\/company\/graulaw\/"]},{"@type":"Person","@id":"https:\/\/www.graulaw.eu\/de\/#\/schema\/person\/dacc9eca6bc602109e4c03fc6783ea69","name":"Marzena Helmecka","url":"https:\/\/www.graulaw.eu\/de\/author\/marzena-helmecka\/"}]}},"_links":{"self":[{"href":"https:\/\/www.graulaw.eu\/de\/wp-json\/wp\/v2\/posts\/9131","targetHints":{"allow":["GET"]}}],"collection":[{"href":"https:\/\/www.graulaw.eu\/de\/wp-json\/wp\/v2\/posts"}],"about":[{"href":"https:\/\/www.graulaw.eu\/de\/wp-json\/wp\/v2\/types\/post"}],"author":[{"embeddable":true,"href":"https:\/\/www.graulaw.eu\/de\/wp-json\/wp\/v2\/users\/5"}],"replies":[{"embeddable":true,"href":"https:\/\/www.graulaw.eu\/de\/wp-json\/wp\/v2\/comments?post=9131"}],"version-history":[{"count":8,"href":"https:\/\/www.graulaw.eu\/de\/wp-json\/wp\/v2\/posts\/9131\/revisions"}],"predecessor-version":[{"id":9147,"href":"https:\/\/www.graulaw.eu\/de\/wp-json\/wp\/v2\/posts\/9131\/revisions\/9147"}],"wp:featuredmedia":[{"embeddable":true,"href":"https:\/\/www.graulaw.eu\/de\/wp-json\/wp\/v2\/media\/9142"}],"wp:attachment":[{"href":"https:\/\/www.graulaw.eu\/de\/wp-json\/wp\/v2\/media?parent=9131"}],"wp:term":[{"taxonomy":"category","embeddable":true,"href":"https:\/\/www.graulaw.eu\/de\/wp-json\/wp\/v2\/categories?post=9131"},{"taxonomy":"post_tag","embeddable":true,"href":"https:\/\/www.graulaw.eu\/de\/wp-json\/wp\/v2\/tags?post=9131"}],"curies":[{"name":"wp","href":"https:\/\/api.w.org\/{rel}","templated":true}]}}