{"id":4144,"date":"2017-04-27T16:48:28","date_gmt":"2017-04-27T16:48:28","guid":{"rendered":"http:\/\/grau.stettiner.co\/?p=4144"},"modified":"2022-07-15T10:07:23","modified_gmt":"2022-07-15T10:07:23","slug":"grau-rechtsanwaelte-partgmbb-auf-der-hannover-messe-2017-2","status":"publish","type":"post","link":"https:\/\/www.graulaw.eu\/de\/grau-rechtsanwaelte-partgmbb-auf-der-hannover-messe-2017-2\/","title":{"rendered":"Grau Rechtsanw\u00e4lte PartGmbB auf der Hannover Messe 2017"},"content":{"rendered":"\t\t<div data-elementor-type=\"wp-post\" data-elementor-id=\"4144\" class=\"elementor elementor-4144 elementor-4114\">\n\t\t\t\t\t\t<section class=\"elementor-section elementor-top-section elementor-element elementor-element-4e029e7 elementor-section-boxed elementor-section-height-default elementor-section-height-default\" data-id=\"4e029e7\" data-element_type=\"section\" data-e-type=\"section\">\n\t\t\t\t\t\t<div class=\"elementor-container elementor-column-gap-default\">\n\t\t\t\t\t<div class=\"elementor-column elementor-col-100 elementor-top-column elementor-element elementor-element-6f93670\" data-id=\"6f93670\" data-element_type=\"column\" data-e-type=\"column\">\n\t\t\t<div class=\"elementor-widget-wrap elementor-element-populated\">\n\t\t\t\t\t\t<div class=\"elementor-element elementor-element-342fae2 elementor-blockquote--skin-border elementor-blockquote--button-color-official elementor-widget elementor-widget-blockquote\" data-id=\"342fae2\" data-element_type=\"widget\" data-e-type=\"widget\" data-widget_type=\"blockquote.default\">\n\t\t\t\t<div class=\"elementor-widget-container\">\n\t\t\t\t\t\t\t<blockquote class=\"elementor-blockquote\">\n\t\t\t<p class=\"elementor-blockquote__content\">\n\t\t\t\tDie Grau Rechtsanw\u00e4lte PartGmbB haben im Jahr 2017 als Experten f\u00fcr internationales Wirtschaftsrecht und Forderungsmanagement an der Hannover Messe teilgenommen\t\t\t<\/p>\n\t\t\t\t\t<\/blockquote>\n\t\t\t\t\t\t<\/div>\n\t\t\t\t<\/div>\n\t\t\t\t\t<\/div>\n\t\t<\/div>\n\t\t\t\t\t<\/div>\n\t\t<\/section>\n\t\t\t\t<section class=\"elementor-section elementor-top-section elementor-element elementor-element-6e1bc91 elementor-section-boxed elementor-section-height-default elementor-section-height-default\" data-id=\"6e1bc91\" data-element_type=\"section\" data-e-type=\"section\">\n\t\t\t\t\t\t<div class=\"elementor-container elementor-column-gap-default\">\n\t\t\t\t\t<div class=\"elementor-column elementor-col-100 elementor-top-column elementor-element elementor-element-45f9d7f\" data-id=\"45f9d7f\" data-element_type=\"column\" data-e-type=\"column\">\n\t\t\t<div class=\"elementor-widget-wrap elementor-element-populated\">\n\t\t\t\t\t\t<div class=\"elementor-element elementor-element-df5865e elementor-widget elementor-widget-text-editor\" data-id=\"df5865e\" data-element_type=\"widget\" data-e-type=\"widget\" data-widget_type=\"text-editor.default\">\n\t\t\t\t<div class=\"elementor-widget-container\">\n\t\t\t\t\t\t\t\t\t<p>Frau Rechtsanw\u00e4ltin Adriana Grau, LL.M. und Frau Mag. Jur. Kamila Bagnicka hielten einen Vortrag in englischer und polnischer Sprache zu dem Thema \u201eForderungsmanagement in Deutschland und im grenz\u00fcberschreitenden Verkehr\u201c.\r\nMit dem Vortrag hat Frau Rechtsanw\u00e4ltin Grau rechtlichen Rahmenbedingungen des Forderungsmanagements in Deutschland dargestellt und die au\u00dfergerichtlichen und gerichtlichen M\u00f6glichkeiten des Vollstreckungsverfahrens erl\u00e4utert.<br \/><br \/>\r\n\r\nGrau Rechtsanw\u00e4lte PartGmbB ist eine international ausgerichtete Rechtsanwaltskanzlei mit wirtschaftsrechtlicher Ausrichtung und Sitz in Hamburg und bietet u.a. professionelles Anwalts-Forderungsmanagement.<br \/><br \/>\r\n\r\nDie Anw\u00e4lte der Kanzlei verf\u00fcgen \u00fcber 10 Jahre Erfahrung im Bereich des Forderungmanagements. Wir beraten mittelst\u00e4ndische und Gro\u00dfunternehmen national und international. Zu unserem Mandantenkreis z\u00e4hlen unter anderem zahlreiche ausl\u00e4ndische Unternehmen, die ihre Produkte in Deutschland vermarkten und vertreiben oder in den deutschen Markt eintreten wollen.<br \/><br \/>\r\n\r\nHochqualifizierte, mit gro\u00dfem Engagement und Begeisterung betriebene Rechtsberatung verbunden mit absoluter Loyalit\u00e4t gegen\u00fcber unseren Mandanten zeichnet uns aus und ist ma\u00dfgeblich f\u00fcr unseren Erfolg.<\/p>\t\t\t\t\t\t\t\t<\/div>\n\t\t\t\t<\/div>\n\t\t\t\t\t<\/div>\n\t\t<\/div>\n\t\t\t\t\t<\/div>\n\t\t<\/section>\n\t\t\t\t<section class=\"elementor-section elementor-top-section elementor-element elementor-element-f636b8c elementor-section-boxed elementor-section-height-default elementor-section-height-default\" data-id=\"f636b8c\" data-element_type=\"section\" data-e-type=\"section\">\n\t\t\t\t\t\t<div class=\"elementor-container elementor-column-gap-default\">\n\t\t\t\t\t<div class=\"elementor-column elementor-col-50 elementor-top-column elementor-element elementor-element-4ca6b5e\" data-id=\"4ca6b5e\" data-element_type=\"column\" data-e-type=\"column\">\n\t\t\t<div class=\"elementor-widget-wrap elementor-element-populated\">\n\t\t\t\t\t\t<div class=\"elementor-element elementor-element-08b99d6 elementor-widget elementor-widget-image\" data-id=\"08b99d6\" data-element_type=\"widget\" data-e-type=\"widget\" data-widget_type=\"image.default\">\n\t\t\t\t<div class=\"elementor-widget-container\">\n\t\t\t\t\t\t\t\t\t\t\t\t\t\t\t<img fetchpriority=\"high\" decoding=\"async\" width=\"1384\" height=\"1039\" src=\"https:\/\/www.graulaw.eu\/wp-content\/uploads\/2022\/06\/hannover-messe-2017_windykacja1-min.jpg\" class=\"attachment-full size-full wp-image-4120\" alt=\"\" srcset=\"https:\/\/www.graulaw.eu\/wp-content\/uploads\/2022\/06\/hannover-messe-2017_windykacja1-min.jpg 1384w, https:\/\/www.graulaw.eu\/wp-content\/uploads\/2022\/06\/hannover-messe-2017_windykacja1-min-300x225.jpg 300w, https:\/\/www.graulaw.eu\/wp-content\/uploads\/2022\/06\/hannover-messe-2017_windykacja1-min-1024x769.jpg 1024w, https:\/\/www.graulaw.eu\/wp-content\/uploads\/2022\/06\/hannover-messe-2017_windykacja1-min-768x577.jpg 768w\" sizes=\"(max-width: 1384px) 100vw, 1384px\" \/>\t\t\t\t\t\t\t\t\t\t\t\t\t\t\t<\/div>\n\t\t\t\t<\/div>\n\t\t\t\t<div class=\"elementor-element elementor-element-1142c2a elementor-widget elementor-widget-text-editor\" data-id=\"1142c2a\" data-element_type=\"widget\" data-e-type=\"widget\" data-widget_type=\"text-editor.default\">\n\t\t\t\t<div class=\"elementor-widget-container\">\n\t\t\t\t\t\t\t\t\t<p>Frau Rechtsanw\u00e4ltin Grau, LL.M. und Frau Bagnicka Mag. Jur. begr\u00fc\u00dfen die Zuh\u00f6rer<\/p>\t\t\t\t\t\t\t\t<\/div>\n\t\t\t\t<\/div>\n\t\t\t\t\t<\/div>\n\t\t<\/div>\n\t\t\t\t<div class=\"elementor-column elementor-col-50 elementor-top-column elementor-element elementor-element-d242439\" data-id=\"d242439\" data-element_type=\"column\" data-e-type=\"column\">\n\t\t\t<div class=\"elementor-widget-wrap elementor-element-populated\">\n\t\t\t\t\t\t<div class=\"elementor-element elementor-element-df17923 elementor-widget elementor-widget-image\" data-id=\"df17923\" data-element_type=\"widget\" data-e-type=\"widget\" data-widget_type=\"image.default\">\n\t\t\t\t<div class=\"elementor-widget-container\">\n\t\t\t\t\t\t\t\t\t\t\t\t\t\t\t<img decoding=\"async\" width=\"657\" height=\"493\" src=\"https:\/\/www.graulaw.eu\/wp-content\/uploads\/2022\/06\/hannover-messe-2017_windykacja2-min.jpg\" class=\"attachment-full size-full wp-image-4123\" alt=\"\" srcset=\"https:\/\/www.graulaw.eu\/wp-content\/uploads\/2022\/06\/hannover-messe-2017_windykacja2-min.jpg 657w, https:\/\/www.graulaw.eu\/wp-content\/uploads\/2022\/06\/hannover-messe-2017_windykacja2-min-300x225.jpg 300w\" sizes=\"(max-width: 657px) 100vw, 657px\" \/>\t\t\t\t\t\t\t\t\t\t\t\t\t\t\t<\/div>\n\t\t\t\t<\/div>\n\t\t\t\t<div class=\"elementor-element elementor-element-f10b0bf elementor-widget elementor-widget-text-editor\" data-id=\"f10b0bf\" data-element_type=\"widget\" data-e-type=\"widget\" data-widget_type=\"text-editor.default\">\n\t\t\t\t<div class=\"elementor-widget-container\">\n\t\t\t\t\t\t\t\t\t<p>Frau Rechtsanw\u00e4ltin Adriana Grau, LL.M.<\/p>\t\t\t\t\t\t\t\t<\/div>\n\t\t\t\t<\/div>\n\t\t\t\t\t<\/div>\n\t\t<\/div>\n\t\t\t\t\t<\/div>\n\t\t<\/section>\n\t\t\t\t<section class=\"elementor-section elementor-top-section elementor-element elementor-element-46fc8a6 elementor-section-boxed elementor-section-height-default elementor-section-height-default\" data-id=\"46fc8a6\" data-element_type=\"section\" data-e-type=\"section\">\n\t\t\t\t\t\t<div class=\"elementor-container elementor-column-gap-default\">\n\t\t\t\t\t<div class=\"elementor-column elementor-col-50 elementor-top-column elementor-element elementor-element-6671994\" data-id=\"6671994\" data-element_type=\"column\" data-e-type=\"column\">\n\t\t\t<div class=\"elementor-widget-wrap elementor-element-populated\">\n\t\t\t\t\t\t<div class=\"elementor-element elementor-element-9042384 elementor-widget elementor-widget-image\" data-id=\"9042384\" data-element_type=\"widget\" data-e-type=\"widget\" data-widget_type=\"image.default\">\n\t\t\t\t<div class=\"elementor-widget-container\">\n\t\t\t\t\t\t\t\t\t\t\t\t\t\t\t<img decoding=\"async\" width=\"413\" height=\"551\" src=\"https:\/\/www.graulaw.eu\/wp-content\/uploads\/2022\/06\/hannover-messe-2017_windykacja3-min.jpg\" class=\"attachment-full size-full wp-image-4126\" alt=\"\" srcset=\"https:\/\/www.graulaw.eu\/wp-content\/uploads\/2022\/06\/hannover-messe-2017_windykacja3-min.jpg 413w, https:\/\/www.graulaw.eu\/wp-content\/uploads\/2022\/06\/hannover-messe-2017_windykacja3-min-225x300.jpg 225w\" sizes=\"(max-width: 413px) 100vw, 413px\" \/>\t\t\t\t\t\t\t\t\t\t\t\t\t\t\t<\/div>\n\t\t\t\t<\/div>\n\t\t\t\t<div class=\"elementor-element elementor-element-f9a94f4 elementor-widget elementor-widget-text-editor\" data-id=\"f9a94f4\" data-element_type=\"widget\" data-e-type=\"widget\" data-widget_type=\"text-editor.default\">\n\t\t\t\t<div class=\"elementor-widget-container\">\n\t\t\t\t\t\t\t\t\t<p>Frau Mag. Jur. Kamila Bagnicka<\/p>\t\t\t\t\t\t\t\t<\/div>\n\t\t\t\t<\/div>\n\t\t\t\t\t<\/div>\n\t\t<\/div>\n\t\t\t\t<div class=\"elementor-column elementor-col-50 elementor-top-column elementor-element elementor-element-481f7a4\" data-id=\"481f7a4\" data-element_type=\"column\" data-e-type=\"column\">\n\t\t\t<div class=\"elementor-widget-wrap elementor-element-populated\">\n\t\t\t\t\t\t<div class=\"elementor-element elementor-element-8099006 elementor-widget elementor-widget-image\" data-id=\"8099006\" data-element_type=\"widget\" data-e-type=\"widget\" data-widget_type=\"image.default\">\n\t\t\t\t<div class=\"elementor-widget-container\">\n\t\t\t\t\t\t\t\t\t\t\t\t\t\t\t<img loading=\"lazy\" decoding=\"async\" width=\"989\" height=\"742\" src=\"https:\/\/www.graulaw.eu\/wp-content\/uploads\/2022\/06\/hannover-messe-2017_windykacja4-min.jpg\" class=\"attachment-full size-full wp-image-4129\" alt=\"\" srcset=\"https:\/\/www.graulaw.eu\/wp-content\/uploads\/2022\/06\/hannover-messe-2017_windykacja4-min.jpg 989w, https:\/\/www.graulaw.eu\/wp-content\/uploads\/2022\/06\/hannover-messe-2017_windykacja4-min-300x225.jpg 300w, https:\/\/www.graulaw.eu\/wp-content\/uploads\/2022\/06\/hannover-messe-2017_windykacja4-min-768x576.jpg 768w\" sizes=\"(max-width: 989px) 100vw, 989px\" \/>\t\t\t\t\t\t\t\t\t\t\t\t\t\t\t<\/div>\n\t\t\t\t<\/div>\n\t\t\t\t<div class=\"elementor-element elementor-element-ad6ffac elementor-widget elementor-widget-text-editor\" data-id=\"ad6ffac\" data-element_type=\"widget\" data-e-type=\"widget\" data-widget_type=\"text-editor.default\">\n\t\t\t\t<div class=\"elementor-widget-container\">\n\t\t\t\t\t\t\t\t\t<p>Polen als Partner der Hannover Messe<\/p>\t\t\t\t\t\t\t\t<\/div>\n\t\t\t\t<\/div>\n\t\t\t\t\t<\/div>\n\t\t<\/div>\n\t\t\t\t\t<\/div>\n\t\t<\/section>\n\t\t\t\t<section class=\"elementor-section elementor-top-section elementor-element elementor-element-419fb7e elementor-section-boxed elementor-section-height-default elementor-section-height-default\" data-id=\"419fb7e\" data-element_type=\"section\" data-e-type=\"section\">\n\t\t\t\t\t\t<div class=\"elementor-container elementor-column-gap-default\">\n\t\t\t\t\t<div class=\"elementor-column elementor-col-50 elementor-top-column elementor-element elementor-element-00478eb\" data-id=\"00478eb\" data-element_type=\"column\" data-e-type=\"column\">\n\t\t\t<div class=\"elementor-widget-wrap elementor-element-populated\">\n\t\t\t\t\t\t<div class=\"elementor-element elementor-element-b33247e elementor-widget elementor-widget-image\" data-id=\"b33247e\" data-element_type=\"widget\" data-e-type=\"widget\" data-widget_type=\"image.default\">\n\t\t\t\t<div class=\"elementor-widget-container\">\n\t\t\t\t\t\t\t\t\t\t\t\t\t\t\t<img loading=\"lazy\" decoding=\"async\" width=\"683\" height=\"512\" src=\"https:\/\/www.graulaw.eu\/wp-content\/uploads\/2022\/06\/hannover-messe-2017_windykacja5-min.jpg\" class=\"attachment-large size-large wp-image-4132\" alt=\"\" srcset=\"https:\/\/www.graulaw.eu\/wp-content\/uploads\/2022\/06\/hannover-messe-2017_windykacja5-min.jpg 683w, https:\/\/www.graulaw.eu\/wp-content\/uploads\/2022\/06\/hannover-messe-2017_windykacja5-min-300x225.jpg 300w\" sizes=\"(max-width: 683px) 100vw, 683px\" \/>\t\t\t\t\t\t\t\t\t\t\t\t\t\t\t<\/div>\n\t\t\t\t<\/div>\n\t\t\t\t<div class=\"elementor-element elementor-element-7fd3279 elementor-widget elementor-widget-text-editor\" data-id=\"7fd3279\" data-element_type=\"widget\" data-e-type=\"widget\" data-widget_type=\"text-editor.default\">\n\t\t\t\t<div class=\"elementor-widget-container\">\n\t\t\t\t\t\t\t\t\t<p>Vorstellung der Kanzlei<\/p>\t\t\t\t\t\t\t\t<\/div>\n\t\t\t\t<\/div>\n\t\t\t\t\t<\/div>\n\t\t<\/div>\n\t\t\t\t<div class=\"elementor-column elementor-col-50 elementor-top-column elementor-element elementor-element-44464f1\" data-id=\"44464f1\" data-element_type=\"column\" data-e-type=\"column\">\n\t\t\t<div class=\"elementor-widget-wrap elementor-element-populated\">\n\t\t\t\t\t\t<div class=\"elementor-element elementor-element-3bd7560 elementor-widget elementor-widget-image\" data-id=\"3bd7560\" data-element_type=\"widget\" data-e-type=\"widget\" data-widget_type=\"image.default\">\n\t\t\t\t<div class=\"elementor-widget-container\">\n\t\t\t\t\t\t\t\t\t\t\t\t\t\t\t<img loading=\"lazy\" decoding=\"async\" width=\"681\" height=\"511\" src=\"https:\/\/www.graulaw.eu\/wp-content\/uploads\/2022\/06\/hannover-messe-2017_windykacja6-min.jpg\" class=\"attachment-full size-full wp-image-4117\" alt=\"\" srcset=\"https:\/\/www.graulaw.eu\/wp-content\/uploads\/2022\/06\/hannover-messe-2017_windykacja6-min.jpg 681w, https:\/\/www.graulaw.eu\/wp-content\/uploads\/2022\/06\/hannover-messe-2017_windykacja6-min-300x225.jpg 300w\" sizes=\"(max-width: 681px) 100vw, 681px\" \/>\t\t\t\t\t\t\t\t\t\t\t\t\t\t\t<\/div>\n\t\t\t\t<\/div>\n\t\t\t\t<div class=\"elementor-element elementor-element-4c838ab elementor-widget elementor-widget-text-editor\" data-id=\"4c838ab\" data-element_type=\"widget\" data-e-type=\"widget\" data-widget_type=\"text-editor.default\">\n\t\t\t\t<div class=\"elementor-widget-container\">\n\t\t\t\t\t\t\t\t\t<p>Vorstellung der Kanzlei<\/p>\t\t\t\t\t\t\t\t<\/div>\n\t\t\t\t<\/div>\n\t\t\t\t\t<\/div>\n\t\t<\/div>\n\t\t\t\t\t<\/div>\n\t\t<\/section>\n\t\t\t\t<\/div>\n\t\t","protected":false},"excerpt":{"rendered":"<p>Die Grau Rechtsanw\u00e4lte PartGmbB haben im Jahr 2017 als Experten f\u00fcr internationales Wirtschaftsrecht und Forderungsmanagement an der Hannover Messe teilgenommen Frau Rechtsanw\u00e4ltin Adriana Grau, LL.M. und Frau Mag. Jur. Kamila Bagnicka hielten einen Vortrag in englischer und polnischer Sprache zu dem Thema \u201eForderungsmanagement in Deutschland und im grenz\u00fcberschreitenden Verkehr\u201c. Mit dem Vortrag hat Frau Rechtsanw\u00e4ltin [&hellip;]<\/p>\n","protected":false},"author":8,"featured_media":5040,"comment_status":"closed","ping_status":"open","sticky":false,"template":"","format":"standard","meta":{"inline_featured_image":false,"footnotes":""},"categories":[21,22,23,25,105],"tags":[],"class_list":["post-4144","post","type-post","status-publish","format-standard","has-post-thumbnail","hentry","category-thema","category-inhalt","category-seminare","category-veranstaltungen","category-wirtschaftsrecht"],"yoast_head":"<!-- This site is optimized with the Yoast SEO plugin v27.4 - https:\/\/yoast.com\/product\/yoast-seo-wordpress\/ -->\n<title>Grau Rechtsanw\u00e4lte PartGmbB auf der Hannover Messe 2017 | Grau Rechtsanw\u00e4lte PartGmbB<\/title>\n<meta name=\"robots\" content=\"index, follow, max-snippet:-1, max-image-preview:large, max-video-preview:-1\" \/>\n<link rel=\"canonical\" href=\"https:\/\/www.graulaw.eu\/de\/grau-rechtsanwaelte-partgmbb-auf-der-hannover-messe-2017-2\/\" \/>\n<meta property=\"og:locale\" content=\"de_DE\" \/>\n<meta property=\"og:type\" content=\"article\" \/>\n<meta property=\"og:title\" content=\"Grau Rechtsanw\u00e4lte PartGmbB auf der Hannover Messe 2017 | Grau Rechtsanw\u00e4lte PartGmbB\" \/>\n<meta property=\"og:description\" content=\"Die Grau Rechtsanw\u00e4lte PartGmbB haben im Jahr 2017 als Experten f\u00fcr internationales Wirtschaftsrecht und Forderungsmanagement an der Hannover Messe teilgenommen Frau Rechtsanw\u00e4ltin Adriana Grau, LL.M. und Frau Mag. Jur. Kamila Bagnicka hielten einen Vortrag in englischer und polnischer Sprache zu dem Thema \u201eForderungsmanagement in Deutschland und im grenz\u00fcberschreitenden Verkehr\u201c. Mit dem Vortrag hat Frau Rechtsanw\u00e4ltin [&hellip;]\" \/>\n<meta property=\"og:url\" content=\"https:\/\/www.graulaw.eu\/de\/grau-rechtsanwaelte-partgmbb-auf-der-hannover-messe-2017-2\/\" \/>\n<meta property=\"og:site_name\" content=\"Grau Rechtsanw\u00e4lte PartGmbB\" \/>\n<meta property=\"article:publisher\" content=\"https:\/\/www.facebook.com\/ecommercegermany\" \/>\n<meta property=\"article:published_time\" content=\"2017-04-27T16:48:28+00:00\" \/>\n<meta property=\"article:modified_time\" content=\"2022-07-15T10:07:23+00:00\" \/>\n<meta property=\"og:image\" content=\"https:\/\/www.graulaw.eu\/wp-content\/uploads\/2017\/04\/HANNOVER-MESSE-2017_2.jpg\" \/>\n\t<meta property=\"og:image:width\" content=\"2057\" \/>\n\t<meta property=\"og:image:height\" content=\"1458\" \/>\n\t<meta property=\"og:image:type\" content=\"image\/jpeg\" \/>\n<meta name=\"author\" content=\"Adriana Grau\" \/>\n<meta name=\"twitter:card\" content=\"summary_large_image\" \/>\n<meta name=\"twitter:label1\" content=\"Verfasst von\" \/>\n\t<meta name=\"twitter:data1\" content=\"Adriana Grau\" \/>\n\t<meta name=\"twitter:label2\" content=\"Gesch\u00e4tzte Lesezeit\" \/>\n\t<meta name=\"twitter:data2\" content=\"1\u00a0Minute\" \/>\n<script type=\"application\/ld+json\" class=\"yoast-schema-graph\">{\"@context\":\"https:\\\/\\\/schema.org\",\"@graph\":[{\"@type\":\"Article\",\"@id\":\"https:\\\/\\\/www.graulaw.eu\\\/de\\\/grau-rechtsanwaelte-partgmbb-auf-der-hannover-messe-2017-2\\\/#article\",\"isPartOf\":{\"@id\":\"https:\\\/\\\/www.graulaw.eu\\\/de\\\/grau-rechtsanwaelte-partgmbb-auf-der-hannover-messe-2017-2\\\/\"},\"author\":{\"name\":\"Adriana Grau\",\"@id\":\"https:\\\/\\\/www.graulaw.eu\\\/de\\\/#\\\/schema\\\/person\\\/b182b7c344b7fc20f8bf1eed88c19140\"},\"headline\":\"Grau Rechtsanw\u00e4lte PartGmbB auf der Hannover Messe 2017\",\"datePublished\":\"2017-04-27T16:48:28+00:00\",\"dateModified\":\"2022-07-15T10:07:23+00:00\",\"mainEntityOfPage\":{\"@id\":\"https:\\\/\\\/www.graulaw.eu\\\/de\\\/grau-rechtsanwaelte-partgmbb-auf-der-hannover-messe-2017-2\\\/\"},\"wordCount\":229,\"publisher\":{\"@id\":\"https:\\\/\\\/www.graulaw.eu\\\/de\\\/#organization\"},\"image\":{\"@id\":\"https:\\\/\\\/www.graulaw.eu\\\/de\\\/grau-rechtsanwaelte-partgmbb-auf-der-hannover-messe-2017-2\\\/#primaryimage\"},\"thumbnailUrl\":\"https:\\\/\\\/www.graulaw.eu\\\/wp-content\\\/uploads\\\/2017\\\/04\\\/HANNOVER-MESSE-2017_2.jpg\",\"articleSection\":[\"Thema\",\"Inhalt\",\"Seminare\",\"Veranstaltungen\",\"Wirtschaftsrecht\"],\"inLanguage\":\"de\"},{\"@type\":\"WebPage\",\"@id\":\"https:\\\/\\\/www.graulaw.eu\\\/de\\\/grau-rechtsanwaelte-partgmbb-auf-der-hannover-messe-2017-2\\\/\",\"url\":\"https:\\\/\\\/www.graulaw.eu\\\/de\\\/grau-rechtsanwaelte-partgmbb-auf-der-hannover-messe-2017-2\\\/\",\"name\":\"Grau Rechtsanw\u00e4lte PartGmbB auf der Hannover Messe 2017 | Grau Rechtsanw\u00e4lte PartGmbB\",\"isPartOf\":{\"@id\":\"https:\\\/\\\/www.graulaw.eu\\\/de\\\/#website\"},\"primaryImageOfPage\":{\"@id\":\"https:\\\/\\\/www.graulaw.eu\\\/de\\\/grau-rechtsanwaelte-partgmbb-auf-der-hannover-messe-2017-2\\\/#primaryimage\"},\"image\":{\"@id\":\"https:\\\/\\\/www.graulaw.eu\\\/de\\\/grau-rechtsanwaelte-partgmbb-auf-der-hannover-messe-2017-2\\\/#primaryimage\"},\"thumbnailUrl\":\"https:\\\/\\\/www.graulaw.eu\\\/wp-content\\\/uploads\\\/2017\\\/04\\\/HANNOVER-MESSE-2017_2.jpg\",\"datePublished\":\"2017-04-27T16:48:28+00:00\",\"dateModified\":\"2022-07-15T10:07:23+00:00\",\"breadcrumb\":{\"@id\":\"https:\\\/\\\/www.graulaw.eu\\\/de\\\/grau-rechtsanwaelte-partgmbb-auf-der-hannover-messe-2017-2\\\/#breadcrumb\"},\"inLanguage\":\"de\",\"potentialAction\":[{\"@type\":\"ReadAction\",\"target\":[\"https:\\\/\\\/www.graulaw.eu\\\/de\\\/grau-rechtsanwaelte-partgmbb-auf-der-hannover-messe-2017-2\\\/\"]}]},{\"@type\":\"ImageObject\",\"inLanguage\":\"de\",\"@id\":\"https:\\\/\\\/www.graulaw.eu\\\/de\\\/grau-rechtsanwaelte-partgmbb-auf-der-hannover-messe-2017-2\\\/#primaryimage\",\"url\":\"https:\\\/\\\/www.graulaw.eu\\\/wp-content\\\/uploads\\\/2017\\\/04\\\/HANNOVER-MESSE-2017_2.jpg\",\"contentUrl\":\"https:\\\/\\\/www.graulaw.eu\\\/wp-content\\\/uploads\\\/2017\\\/04\\\/HANNOVER-MESSE-2017_2.jpg\",\"width\":2057,\"height\":1458,\"caption\":\"Legal advice service concept with lawyer working for justice, law, business legislation, and paperwork expert consulting, icons with person in background\"},{\"@type\":\"BreadcrumbList\",\"@id\":\"https:\\\/\\\/www.graulaw.eu\\\/de\\\/grau-rechtsanwaelte-partgmbb-auf-der-hannover-messe-2017-2\\\/#breadcrumb\",\"itemListElement\":[{\"@type\":\"ListItem\",\"position\":1,\"name\":\"Home\",\"item\":\"https:\\\/\\\/www.graulaw.eu\\\/de\\\/\"},{\"@type\":\"ListItem\",\"position\":2,\"name\":\"Grau Rechtsanw\u00e4lte PartGmbB auf der Hannover Messe 2017\"}]},{\"@type\":\"WebSite\",\"@id\":\"https:\\\/\\\/www.graulaw.eu\\\/de\\\/#website\",\"url\":\"https:\\\/\\\/www.graulaw.eu\\\/de\\\/\",\"name\":\"Grau Rechtsanw\u00e4lte PartGmbB\",\"description\":\"GRAU Rechtsanw\u00e4lte PartGmbB ist eine international ausgerichtete Rechtsanwaltskanzlei mit wirtschaftsrechtlicher Ausrichtung und Sitz in Hamburg.\",\"publisher\":{\"@id\":\"https:\\\/\\\/www.graulaw.eu\\\/de\\\/#organization\"},\"potentialAction\":[{\"@type\":\"SearchAction\",\"target\":{\"@type\":\"EntryPoint\",\"urlTemplate\":\"https:\\\/\\\/www.graulaw.eu\\\/de\\\/?s={search_term_string}\"},\"query-input\":{\"@type\":\"PropertyValueSpecification\",\"valueRequired\":true,\"valueName\":\"search_term_string\"}}],\"inLanguage\":\"de\"},{\"@type\":\"Organization\",\"@id\":\"https:\\\/\\\/www.graulaw.eu\\\/de\\\/#organization\",\"name\":\"Grau Rechtsanw\u00e4lte PartGmbB\",\"url\":\"https:\\\/\\\/www.graulaw.eu\\\/de\\\/\",\"logo\":{\"@type\":\"ImageObject\",\"inLanguage\":\"de\",\"@id\":\"https:\\\/\\\/www.graulaw.eu\\\/de\\\/#\\\/schema\\\/logo\\\/image\\\/\",\"url\":\"https:\\\/\\\/www.graulaw.eu\\\/wp-content\\\/uploads\\\/2022\\\/04\\\/logo.svg\",\"contentUrl\":\"https:\\\/\\\/www.graulaw.eu\\\/wp-content\\\/uploads\\\/2022\\\/04\\\/logo.svg\",\"width\":150,\"height\":48,\"caption\":\"Grau Rechtsanw\u00e4lte PartGmbB\"},\"image\":{\"@id\":\"https:\\\/\\\/www.graulaw.eu\\\/de\\\/#\\\/schema\\\/logo\\\/image\\\/\"},\"sameAs\":[\"https:\\\/\\\/www.facebook.com\\\/ecommercegermany\",\"https:\\\/\\\/www.facebook.com\\\/graulawtransport\",\"https:\\\/\\\/www.linkedin.com\\\/company\\\/graulaw\\\/\"]},{\"@type\":\"Person\",\"@id\":\"https:\\\/\\\/www.graulaw.eu\\\/de\\\/#\\\/schema\\\/person\\\/b182b7c344b7fc20f8bf1eed88c19140\",\"name\":\"Adriana Grau\",\"url\":\"https:\\\/\\\/www.graulaw.eu\\\/de\\\/author\\\/adriana-grau\\\/\"}]}<\/script>\n<!-- \/ Yoast SEO plugin. -->","yoast_head_json":{"title":"Grau Rechtsanw\u00e4lte PartGmbB auf der Hannover Messe 2017 | Grau Rechtsanw\u00e4lte PartGmbB","robots":{"index":"index","follow":"follow","max-snippet":"max-snippet:-1","max-image-preview":"max-image-preview:large","max-video-preview":"max-video-preview:-1"},"canonical":"https:\/\/www.graulaw.eu\/de\/grau-rechtsanwaelte-partgmbb-auf-der-hannover-messe-2017-2\/","og_locale":"de_DE","og_type":"article","og_title":"Grau Rechtsanw\u00e4lte PartGmbB auf der Hannover Messe 2017 | Grau Rechtsanw\u00e4lte PartGmbB","og_description":"Die Grau Rechtsanw\u00e4lte PartGmbB haben im Jahr 2017 als Experten f\u00fcr internationales Wirtschaftsrecht und Forderungsmanagement an der Hannover Messe teilgenommen Frau Rechtsanw\u00e4ltin Adriana Grau, LL.M. und Frau Mag. Jur. Kamila Bagnicka hielten einen Vortrag in englischer und polnischer Sprache zu dem Thema \u201eForderungsmanagement in Deutschland und im grenz\u00fcberschreitenden Verkehr\u201c. Mit dem Vortrag hat Frau Rechtsanw\u00e4ltin [&hellip;]","og_url":"https:\/\/www.graulaw.eu\/de\/grau-rechtsanwaelte-partgmbb-auf-der-hannover-messe-2017-2\/","og_site_name":"Grau Rechtsanw\u00e4lte PartGmbB","article_publisher":"https:\/\/www.facebook.com\/ecommercegermany","article_published_time":"2017-04-27T16:48:28+00:00","article_modified_time":"2022-07-15T10:07:23+00:00","og_image":[{"width":2057,"height":1458,"url":"https:\/\/www.graulaw.eu\/wp-content\/uploads\/2017\/04\/HANNOVER-MESSE-2017_2.jpg","type":"image\/jpeg"}],"author":"Adriana Grau","twitter_card":"summary_large_image","twitter_misc":{"Verfasst von":"Adriana Grau","Gesch\u00e4tzte Lesezeit":"1\u00a0Minute"},"schema":{"@context":"https:\/\/schema.org","@graph":[{"@type":"Article","@id":"https:\/\/www.graulaw.eu\/de\/grau-rechtsanwaelte-partgmbb-auf-der-hannover-messe-2017-2\/#article","isPartOf":{"@id":"https:\/\/www.graulaw.eu\/de\/grau-rechtsanwaelte-partgmbb-auf-der-hannover-messe-2017-2\/"},"author":{"name":"Adriana Grau","@id":"https:\/\/www.graulaw.eu\/de\/#\/schema\/person\/b182b7c344b7fc20f8bf1eed88c19140"},"headline":"Grau Rechtsanw\u00e4lte PartGmbB auf der Hannover Messe 2017","datePublished":"2017-04-27T16:48:28+00:00","dateModified":"2022-07-15T10:07:23+00:00","mainEntityOfPage":{"@id":"https:\/\/www.graulaw.eu\/de\/grau-rechtsanwaelte-partgmbb-auf-der-hannover-messe-2017-2\/"},"wordCount":229,"publisher":{"@id":"https:\/\/www.graulaw.eu\/de\/#organization"},"image":{"@id":"https:\/\/www.graulaw.eu\/de\/grau-rechtsanwaelte-partgmbb-auf-der-hannover-messe-2017-2\/#primaryimage"},"thumbnailUrl":"https:\/\/www.graulaw.eu\/wp-content\/uploads\/2017\/04\/HANNOVER-MESSE-2017_2.jpg","articleSection":["Thema","Inhalt","Seminare","Veranstaltungen","Wirtschaftsrecht"],"inLanguage":"de"},{"@type":"WebPage","@id":"https:\/\/www.graulaw.eu\/de\/grau-rechtsanwaelte-partgmbb-auf-der-hannover-messe-2017-2\/","url":"https:\/\/www.graulaw.eu\/de\/grau-rechtsanwaelte-partgmbb-auf-der-hannover-messe-2017-2\/","name":"Grau Rechtsanw\u00e4lte PartGmbB auf der Hannover Messe 2017 | Grau Rechtsanw\u00e4lte PartGmbB","isPartOf":{"@id":"https:\/\/www.graulaw.eu\/de\/#website"},"primaryImageOfPage":{"@id":"https:\/\/www.graulaw.eu\/de\/grau-rechtsanwaelte-partgmbb-auf-der-hannover-messe-2017-2\/#primaryimage"},"image":{"@id":"https:\/\/www.graulaw.eu\/de\/grau-rechtsanwaelte-partgmbb-auf-der-hannover-messe-2017-2\/#primaryimage"},"thumbnailUrl":"https:\/\/www.graulaw.eu\/wp-content\/uploads\/2017\/04\/HANNOVER-MESSE-2017_2.jpg","datePublished":"2017-04-27T16:48:28+00:00","dateModified":"2022-07-15T10:07:23+00:00","breadcrumb":{"@id":"https:\/\/www.graulaw.eu\/de\/grau-rechtsanwaelte-partgmbb-auf-der-hannover-messe-2017-2\/#breadcrumb"},"inLanguage":"de","potentialAction":[{"@type":"ReadAction","target":["https:\/\/www.graulaw.eu\/de\/grau-rechtsanwaelte-partgmbb-auf-der-hannover-messe-2017-2\/"]}]},{"@type":"ImageObject","inLanguage":"de","@id":"https:\/\/www.graulaw.eu\/de\/grau-rechtsanwaelte-partgmbb-auf-der-hannover-messe-2017-2\/#primaryimage","url":"https:\/\/www.graulaw.eu\/wp-content\/uploads\/2017\/04\/HANNOVER-MESSE-2017_2.jpg","contentUrl":"https:\/\/www.graulaw.eu\/wp-content\/uploads\/2017\/04\/HANNOVER-MESSE-2017_2.jpg","width":2057,"height":1458,"caption":"Legal advice service concept with lawyer working for justice, law, business legislation, and paperwork expert consulting, icons with person in background"},{"@type":"BreadcrumbList","@id":"https:\/\/www.graulaw.eu\/de\/grau-rechtsanwaelte-partgmbb-auf-der-hannover-messe-2017-2\/#breadcrumb","itemListElement":[{"@type":"ListItem","position":1,"name":"Home","item":"https:\/\/www.graulaw.eu\/de\/"},{"@type":"ListItem","position":2,"name":"Grau Rechtsanw\u00e4lte PartGmbB auf der Hannover Messe 2017"}]},{"@type":"WebSite","@id":"https:\/\/www.graulaw.eu\/de\/#website","url":"https:\/\/www.graulaw.eu\/de\/","name":"Grau Rechtsanw\u00e4lte PartGmbB","description":"GRAU Rechtsanw\u00e4lte PartGmbB ist eine international ausgerichtete Rechtsanwaltskanzlei mit wirtschaftsrechtlicher Ausrichtung und Sitz in Hamburg.","publisher":{"@id":"https:\/\/www.graulaw.eu\/de\/#organization"},"potentialAction":[{"@type":"SearchAction","target":{"@type":"EntryPoint","urlTemplate":"https:\/\/www.graulaw.eu\/de\/?s={search_term_string}"},"query-input":{"@type":"PropertyValueSpecification","valueRequired":true,"valueName":"search_term_string"}}],"inLanguage":"de"},{"@type":"Organization","@id":"https:\/\/www.graulaw.eu\/de\/#organization","name":"Grau Rechtsanw\u00e4lte PartGmbB","url":"https:\/\/www.graulaw.eu\/de\/","logo":{"@type":"ImageObject","inLanguage":"de","@id":"https:\/\/www.graulaw.eu\/de\/#\/schema\/logo\/image\/","url":"https:\/\/www.graulaw.eu\/wp-content\/uploads\/2022\/04\/logo.svg","contentUrl":"https:\/\/www.graulaw.eu\/wp-content\/uploads\/2022\/04\/logo.svg","width":150,"height":48,"caption":"Grau Rechtsanw\u00e4lte PartGmbB"},"image":{"@id":"https:\/\/www.graulaw.eu\/de\/#\/schema\/logo\/image\/"},"sameAs":["https:\/\/www.facebook.com\/ecommercegermany","https:\/\/www.facebook.com\/graulawtransport","https:\/\/www.linkedin.com\/company\/graulaw\/"]},{"@type":"Person","@id":"https:\/\/www.graulaw.eu\/de\/#\/schema\/person\/b182b7c344b7fc20f8bf1eed88c19140","name":"Adriana Grau","url":"https:\/\/www.graulaw.eu\/de\/author\/adriana-grau\/"}]}},"_links":{"self":[{"href":"https:\/\/www.graulaw.eu\/de\/wp-json\/wp\/v2\/posts\/4144","targetHints":{"allow":["GET"]}}],"collection":[{"href":"https:\/\/www.graulaw.eu\/de\/wp-json\/wp\/v2\/posts"}],"about":[{"href":"https:\/\/www.graulaw.eu\/de\/wp-json\/wp\/v2\/types\/post"}],"author":[{"embeddable":true,"href":"https:\/\/www.graulaw.eu\/de\/wp-json\/wp\/v2\/users\/8"}],"replies":[{"embeddable":true,"href":"https:\/\/www.graulaw.eu\/de\/wp-json\/wp\/v2\/comments?post=4144"}],"version-history":[{"count":10,"href":"https:\/\/www.graulaw.eu\/de\/wp-json\/wp\/v2\/posts\/4144\/revisions"}],"predecessor-version":[{"id":5045,"href":"https:\/\/www.graulaw.eu\/de\/wp-json\/wp\/v2\/posts\/4144\/revisions\/5045"}],"wp:featuredmedia":[{"embeddable":true,"href":"https:\/\/www.graulaw.eu\/de\/wp-json\/wp\/v2\/media\/5040"}],"wp:attachment":[{"href":"https:\/\/www.graulaw.eu\/de\/wp-json\/wp\/v2\/media?parent=4144"}],"wp:term":[{"taxonomy":"category","embeddable":true,"href":"https:\/\/www.graulaw.eu\/de\/wp-json\/wp\/v2\/categories?post=4144"},{"taxonomy":"post_tag","embeddable":true,"href":"https:\/\/www.graulaw.eu\/de\/wp-json\/wp\/v2\/tags?post=4144"}],"curies":[{"name":"wp","href":"https:\/\/api.w.org\/{rel}","templated":true}]}}