{"id":4020,"date":"2014-03-05T15:55:50","date_gmt":"2014-03-05T15:55:50","guid":{"rendered":"http:\/\/grau.stettiner.co\/?p=4020"},"modified":"2022-10-01T11:31:07","modified_gmt":"2022-10-01T11:31:07","slug":"die-grau-rechtsanwaelte-partgmbb-war-im-jahr-2014-erneut-consulting-partner-des-polnischen-wirtschaftsministeriums-auf-der-cebit","status":"publish","type":"post","link":"https:\/\/www.graulaw.eu\/de\/die-grau-rechtsanwaelte-partgmbb-war-im-jahr-2014-erneut-consulting-partner-des-polnischen-wirtschaftsministeriums-auf-der-cebit\/","title":{"rendered":"GRAU Rechtsanw\u00e4lte als Consulting-Partner des polnischen Wirtschaftsministeriums auf der CeBit 2014"},"content":{"rendered":"\t\t<div data-elementor-type=\"wp-post\" data-elementor-id=\"4020\" class=\"elementor elementor-4020 elementor-3990\">\n\t\t\t\t\t\t<section class=\"elementor-section elementor-top-section elementor-element elementor-element-f16f84e elementor-section-boxed elementor-section-height-default elementor-section-height-default\" data-id=\"f16f84e\" data-element_type=\"section\" data-e-type=\"section\">\n\t\t\t\t\t\t<div class=\"elementor-container elementor-column-gap-default\">\n\t\t\t\t\t<div class=\"elementor-column elementor-col-100 elementor-top-column elementor-element elementor-element-79b0482\" data-id=\"79b0482\" data-element_type=\"column\" data-e-type=\"column\">\n\t\t\t<div class=\"elementor-widget-wrap elementor-element-populated\">\n\t\t\t\t\t\t<div class=\"elementor-element elementor-element-ebf62cc elementor-blockquote--skin-border elementor-blockquote--button-color-official elementor-widget elementor-widget-blockquote\" data-id=\"ebf62cc\" data-element_type=\"widget\" data-e-type=\"widget\" data-widget_type=\"blockquote.default\">\n\t\t\t\t<div class=\"elementor-widget-container\">\n\t\t\t\t\t\t\t<blockquote class=\"elementor-blockquote\">\n\t\t\t<p class=\"elementor-blockquote__content\">\n\t\t\t\tDie GRAU Rechtsanw\u00e4lte PartGmbB war auch im Jahr 2014 Consulting-Partner des polnischen Wirtschaftsministeriums auf der CeBIT.\t\t\t<\/p>\n\t\t\t\t\t<\/blockquote>\n\t\t\t\t\t\t<\/div>\n\t\t\t\t<\/div>\n\t\t\t\t\t<\/div>\n\t\t<\/div>\n\t\t\t\t\t<\/div>\n\t\t<\/section>\n\t\t\t\t<section class=\"elementor-section elementor-top-section elementor-element elementor-element-f41690a elementor-section-boxed elementor-section-height-default elementor-section-height-default\" data-id=\"f41690a\" data-element_type=\"section\" data-e-type=\"section\">\n\t\t\t\t\t\t<div class=\"elementor-container elementor-column-gap-default\">\n\t\t\t\t\t<div class=\"elementor-column elementor-col-100 elementor-top-column elementor-element elementor-element-24c99f3\" data-id=\"24c99f3\" data-element_type=\"column\" data-e-type=\"column\">\n\t\t\t<div class=\"elementor-widget-wrap elementor-element-populated\">\n\t\t\t\t\t\t<div class=\"elementor-element elementor-element-d396d60 elementor-widget elementor-widget-text-editor\" data-id=\"d396d60\" data-element_type=\"widget\" data-e-type=\"widget\" data-widget_type=\"text-editor.default\">\n\t\t\t\t<div class=\"elementor-widget-container\">\n\t\t\t\t\t\t\t\t\t<p>Nach erfolgreichen Zusammenarbeit im Jahr 2013 war die Grau Rechtsanw\u00e4lte PartGmbB auch in diesem Jahr Consulting Partner des polnischen Wirtschaftsministeriums auf der allj\u00e4hrlich im M\u00e4rz stattfindenden Messe f\u00fcr Kommunikationstechnologie CeBIT.<br \/>\r\nWie im Vorjahr war die Grau Rechtsanw\u00e4lte PartGmbB wieder direkt am Stand der Republik Polen vertreten und beriet polnische Unternehmer umfassend zu Fragen der grenz\u00fcberschreitenden Gesch\u00e4ftst\u00e4tigkeit.<br \/><br \/>\r\n\r\nAuf gro\u00dfe positive Resonanz stie\u00df insbesondere der in polnischer Sprache gehaltene Vortrag von Frau Rechtsanw\u00e4ltin Adriana Grau LL.M. zum Thema \u201e\u00c4nderungen im E-Commerce 2014\u201c, der umfassend \u00fcber die aktuellen Rahmenbedingungen in diesem dynamischen Gesch\u00e4ftsfeld informierte.<br \/><br \/>\r\n\r\nDie Grau Rechtsanw\u00e4lte PartGmbB ist eine deutsche Anwaltskanzlei mit Sitz in Hamburg, die auf Rechtsberatung f\u00fcr ausl\u00e4ndische Unternehmen spezialisiert ist. Zu unseren Mandanten z\u00e4hlen Unternehmen mit Sitz im Ausland, die nach Deutschland exportieren oder in Deutschland t\u00e4tig sind. Diesen bieten wir spezialisierte und gleichzeitig umfassende Rechtsberatung vor allem im Handels- und Gesellschaftsrecht sowie im Gewerblichen Rechtsschutz und im professionellen Forderungsmanagement.<br \/><br \/>\r\n\r\nDie CeBIT in Hannover ist mit fast 300.000 Besuchern allein im Jahr 2013 die weltgr\u00f6\u00dfte Fachmesse f\u00fcr Kommunikationstechnologie und in ihrer Konzentration an Innovationskraft und Know-how einzigartig. Hier treffen sich Unternehmen und Entscheider, hochkar\u00e4tige Referenten sowie f\u00fchrende Journalisten und Blogger aus der IT-Branche zum Fachaustausch und um Gesch\u00e4ftskontakte zu kn\u00fcpfen.<br \/>\r\nJedes Jahr steht dabei ein anderes Partnerland der Messe im Mittelpunkt. Nach Polen im Jahr 2013 liegt der Fokus in diesem Jahr auf Gro\u00dfbritannien. Dessen positive Entwicklung auf dem IT-Markt zeigt die ungebrochene Kraft der Informations- und Telekommunikationstechnologie als Motor der wirtschaftlichen Entwicklung.<\/p>\t\t\t\t\t\t\t\t<\/div>\n\t\t\t\t<\/div>\n\t\t\t\t\t<\/div>\n\t\t<\/div>\n\t\t\t\t\t<\/div>\n\t\t<\/section>\n\t\t\t\t<section class=\"elementor-section elementor-top-section elementor-element elementor-element-142407c elementor-section-boxed elementor-section-height-default elementor-section-height-default\" data-id=\"142407c\" data-element_type=\"section\" data-e-type=\"section\">\n\t\t\t\t\t\t<div class=\"elementor-container elementor-column-gap-default\">\n\t\t\t\t\t<div class=\"elementor-column elementor-col-50 elementor-top-column elementor-element elementor-element-cd292a1\" data-id=\"cd292a1\" data-element_type=\"column\" data-e-type=\"column\">\n\t\t\t<div class=\"elementor-widget-wrap elementor-element-populated\">\n\t\t\t\t\t\t<div class=\"elementor-element elementor-element-6d277b6 elementor-widget elementor-widget-image\" data-id=\"6d277b6\" data-element_type=\"widget\" data-e-type=\"widget\" data-widget_type=\"image.default\">\n\t\t\t\t<div class=\"elementor-widget-container\">\n\t\t\t\t\t\t\t\t\t\t\t\t\t\t\t<img fetchpriority=\"high\" decoding=\"async\" width=\"320\" height=\"248\" src=\"https:\/\/www.graulaw.eu\/wp-content\/uploads\/2014\/03\/cebit_2014_11-min.jpg\" class=\"attachment-full size-full wp-image-3997\" alt=\"\" srcset=\"https:\/\/www.graulaw.eu\/wp-content\/uploads\/2014\/03\/cebit_2014_11-min.jpg 320w, https:\/\/www.graulaw.eu\/wp-content\/uploads\/2014\/03\/cebit_2014_11-min-300x233.jpg 300w\" sizes=\"(max-width: 320px) 100vw, 320px\" \/>\t\t\t\t\t\t\t\t\t\t\t\t\t\t\t<\/div>\n\t\t\t\t<\/div>\n\t\t\t\t<div class=\"elementor-element elementor-element-cd4460d elementor-widget elementor-widget-text-editor\" data-id=\"cd4460d\" data-element_type=\"widget\" data-e-type=\"widget\" data-widget_type=\"text-editor.default\">\n\t\t\t\t<div class=\"elementor-widget-container\">\n\t\t\t\t\t\t\t\t\t<p>Rechtsanw\u00e4ltin Adriana Grau LL.M. informiert die Besucher \u00fcber \u201e\u00c4nderungen im E-Commerce 2014\u201c<\/p>\t\t\t\t\t\t\t\t<\/div>\n\t\t\t\t<\/div>\n\t\t\t\t\t<\/div>\n\t\t<\/div>\n\t\t\t\t<div class=\"elementor-column elementor-col-50 elementor-top-column elementor-element elementor-element-ad43b01\" data-id=\"ad43b01\" data-element_type=\"column\" data-e-type=\"column\">\n\t\t\t<div class=\"elementor-widget-wrap elementor-element-populated\">\n\t\t\t\t\t\t<div class=\"elementor-element elementor-element-14c736e elementor-widget elementor-widget-image\" data-id=\"14c736e\" data-element_type=\"widget\" data-e-type=\"widget\" data-widget_type=\"image.default\">\n\t\t\t\t<div class=\"elementor-widget-container\">\n\t\t\t\t\t\t\t\t\t\t\t\t\t\t\t<img decoding=\"async\" width=\"320\" height=\"210\" src=\"https:\/\/www.graulaw.eu\/wp-content\/uploads\/2014\/03\/cebit_2014_12-min.jpg\" class=\"attachment-full size-full wp-image-4000\" alt=\"\" srcset=\"https:\/\/www.graulaw.eu\/wp-content\/uploads\/2014\/03\/cebit_2014_12-min.jpg 320w, https:\/\/www.graulaw.eu\/wp-content\/uploads\/2014\/03\/cebit_2014_12-min-300x197.jpg 300w\" sizes=\"(max-width: 320px) 100vw, 320px\" \/>\t\t\t\t\t\t\t\t\t\t\t\t\t\t\t<\/div>\n\t\t\t\t<\/div>\n\t\t\t\t<div class=\"elementor-element elementor-element-8b03dc6 elementor-widget elementor-widget-text-editor\" data-id=\"8b03dc6\" data-element_type=\"widget\" data-e-type=\"widget\" data-widget_type=\"text-editor.default\">\n\t\t\t\t<div class=\"elementor-widget-container\">\n\t\t\t\t\t\t\t\t\t<p>Rechtsanw\u00e4ltin Adriana Grau LL.M. und Frau Nadine Lohmann (Rechtsanwaltsfachangestellte)<\/p>\t\t\t\t\t\t\t\t<\/div>\n\t\t\t\t<\/div>\n\t\t\t\t\t<\/div>\n\t\t<\/div>\n\t\t\t\t\t<\/div>\n\t\t<\/section>\n\t\t\t\t<section class=\"elementor-section elementor-top-section elementor-element elementor-element-c6f0703 elementor-section-boxed elementor-section-height-default elementor-section-height-default\" data-id=\"c6f0703\" data-element_type=\"section\" data-e-type=\"section\">\n\t\t\t\t\t\t<div class=\"elementor-container elementor-column-gap-default\">\n\t\t\t\t\t<div class=\"elementor-column elementor-col-50 elementor-top-column elementor-element elementor-element-642bf5e\" data-id=\"642bf5e\" data-element_type=\"column\" data-e-type=\"column\">\n\t\t\t<div class=\"elementor-widget-wrap elementor-element-populated\">\n\t\t\t\t\t\t<div class=\"elementor-element elementor-element-55b98fe elementor-widget elementor-widget-image\" data-id=\"55b98fe\" data-element_type=\"widget\" data-e-type=\"widget\" data-widget_type=\"image.default\">\n\t\t\t\t<div class=\"elementor-widget-container\">\n\t\t\t\t\t\t\t\t\t\t\t\t\t\t\t<img decoding=\"async\" width=\"320\" height=\"210\" src=\"https:\/\/www.graulaw.eu\/wp-content\/uploads\/2014\/03\/cebit_2014_13-min.jpg\" class=\"attachment-full size-full wp-image-4003\" alt=\"\" srcset=\"https:\/\/www.graulaw.eu\/wp-content\/uploads\/2014\/03\/cebit_2014_13-min.jpg 320w, https:\/\/www.graulaw.eu\/wp-content\/uploads\/2014\/03\/cebit_2014_13-min-300x197.jpg 300w\" sizes=\"(max-width: 320px) 100vw, 320px\" \/>\t\t\t\t\t\t\t\t\t\t\t\t\t\t\t<\/div>\n\t\t\t\t<\/div>\n\t\t\t\t<div class=\"elementor-element elementor-element-676aaea elementor-widget elementor-widget-text-editor\" data-id=\"676aaea\" data-element_type=\"widget\" data-e-type=\"widget\" data-widget_type=\"text-editor.default\">\n\t\t\t\t<div class=\"elementor-widget-container\">\n\t\t\t\t\t\t\t\t\t<p>Viele Unternehmer nutzten die Gelegenheit zu einem Beratungsgespr\u00e4ch zu Fragen einer grenz\u00fcberschreitenden Gesch\u00e4ftst\u00e4tigkeit.<\/p>\t\t\t\t\t\t\t\t<\/div>\n\t\t\t\t<\/div>\n\t\t\t\t\t<\/div>\n\t\t<\/div>\n\t\t\t\t<div class=\"elementor-column elementor-col-50 elementor-top-column elementor-element elementor-element-3485760\" data-id=\"3485760\" data-element_type=\"column\" data-e-type=\"column\">\n\t\t\t<div class=\"elementor-widget-wrap elementor-element-populated\">\n\t\t\t\t\t\t<div class=\"elementor-element elementor-element-c8ef4b3 elementor-widget elementor-widget-image\" data-id=\"c8ef4b3\" data-element_type=\"widget\" data-e-type=\"widget\" data-widget_type=\"image.default\">\n\t\t\t\t<div class=\"elementor-widget-container\">\n\t\t\t\t\t\t\t\t\t\t\t\t\t\t\t<img loading=\"lazy\" decoding=\"async\" width=\"650\" height=\"210\" src=\"https:\/\/www.graulaw.eu\/wp-content\/uploads\/2014\/03\/cebit_2014_14-min.jpg\" class=\"attachment-full size-full wp-image-4006\" alt=\"\" srcset=\"https:\/\/www.graulaw.eu\/wp-content\/uploads\/2014\/03\/cebit_2014_14-min.jpg 650w, https:\/\/www.graulaw.eu\/wp-content\/uploads\/2014\/03\/cebit_2014_14-min-300x97.jpg 300w\" sizes=\"(max-width: 650px) 100vw, 650px\" \/>\t\t\t\t\t\t\t\t\t\t\t\t\t\t\t<\/div>\n\t\t\t\t<\/div>\n\t\t\t\t\t<\/div>\n\t\t<\/div>\n\t\t\t\t\t<\/div>\n\t\t<\/section>\n\t\t\t\t<\/div>\n\t\t","protected":false},"excerpt":{"rendered":"<p>Die GRAU Rechtsanw\u00e4lte PartGmbB war auch im Jahr 2014 Consulting-Partner des polnischen Wirtschaftsministeriums auf der CeBIT. Nach erfolgreichen Zusammenarbeit im Jahr 2013 war die Grau Rechtsanw\u00e4lte PartGmbB auch in diesem Jahr Consulting Partner des polnischen Wirtschaftsministeriums auf der allj\u00e4hrlich im M\u00e4rz stattfindenden Messe f\u00fcr Kommunikationstechnologie CeBIT. Wie im Vorjahr war die Grau Rechtsanw\u00e4lte PartGmbB wieder [&hellip;]<\/p>\n","protected":false},"author":8,"featured_media":4804,"comment_status":"closed","ping_status":"open","sticky":false,"template":"","format":"standard","meta":{"inline_featured_image":false,"footnotes":""},"categories":[9,21,22,25],"tags":[],"class_list":["post-4020","post","type-post","status-publish","format-standard","has-post-thumbnail","hentry","category-geistiges-eigentum","category-thema","category-inhalt","category-veranstaltungen"],"yoast_head":"<!-- This site is optimized with the Yoast SEO plugin v27.4 - https:\/\/yoast.com\/product\/yoast-seo-wordpress\/ -->\n<title>GRAU Rechtsanw\u00e4lte als Consulting-Partner des polnischen Wirtschaftsministeriums auf der CeBit 2014 | Grau Rechtsanw\u00e4lte PartGmbB<\/title>\n<meta name=\"robots\" content=\"index, follow, max-snippet:-1, max-image-preview:large, max-video-preview:-1\" \/>\n<link rel=\"canonical\" href=\"https:\/\/www.graulaw.eu\/de\/die-grau-rechtsanwaelte-partgmbb-war-im-jahr-2014-erneut-consulting-partner-des-polnischen-wirtschaftsministeriums-auf-der-cebit\/\" \/>\n<meta property=\"og:locale\" content=\"de_DE\" \/>\n<meta property=\"og:type\" content=\"article\" \/>\n<meta property=\"og:title\" content=\"GRAU Rechtsanw\u00e4lte als Consulting-Partner des polnischen Wirtschaftsministeriums auf der CeBit 2014 | Grau Rechtsanw\u00e4lte PartGmbB\" \/>\n<meta property=\"og:description\" content=\"Die GRAU Rechtsanw\u00e4lte PartGmbB war auch im Jahr 2014 Consulting-Partner des polnischen Wirtschaftsministeriums auf der CeBIT. Nach erfolgreichen Zusammenarbeit im Jahr 2013 war die Grau Rechtsanw\u00e4lte PartGmbB auch in diesem Jahr Consulting Partner des polnischen Wirtschaftsministeriums auf der allj\u00e4hrlich im M\u00e4rz stattfindenden Messe f\u00fcr Kommunikationstechnologie CeBIT. Wie im Vorjahr war die Grau Rechtsanw\u00e4lte PartGmbB wieder [&hellip;]\" \/>\n<meta property=\"og:url\" content=\"https:\/\/www.graulaw.eu\/de\/die-grau-rechtsanwaelte-partgmbb-war-im-jahr-2014-erneut-consulting-partner-des-polnischen-wirtschaftsministeriums-auf-der-cebit\/\" \/>\n<meta property=\"og:site_name\" content=\"Grau Rechtsanw\u00e4lte PartGmbB\" \/>\n<meta property=\"article:publisher\" content=\"https:\/\/www.facebook.com\/ecommercegermany\" \/>\n<meta property=\"article:published_time\" content=\"2014-03-05T15:55:50+00:00\" \/>\n<meta property=\"article:modified_time\" content=\"2022-10-01T11:31:07+00:00\" \/>\n<meta property=\"og:image\" content=\"https:\/\/www.graulaw.eu\/wp-content\/uploads\/2014\/03\/CEBIT2014-min-scaled.jpg\" \/>\n\t<meta property=\"og:image:width\" content=\"2560\" \/>\n\t<meta property=\"og:image:height\" content=\"1729\" \/>\n\t<meta property=\"og:image:type\" content=\"image\/jpeg\" \/>\n<meta name=\"author\" content=\"Adriana Grau\" \/>\n<meta name=\"twitter:card\" content=\"summary_large_image\" \/>\n<meta name=\"twitter:label1\" content=\"Verfasst von\" \/>\n\t<meta name=\"twitter:data1\" content=\"Adriana Grau\" \/>\n\t<meta name=\"twitter:label2\" content=\"Gesch\u00e4tzte Lesezeit\" \/>\n\t<meta name=\"twitter:data2\" content=\"3\u00a0Minuten\" \/>\n<script type=\"application\/ld+json\" class=\"yoast-schema-graph\">{\"@context\":\"https:\\\/\\\/schema.org\",\"@graph\":[{\"@type\":\"Article\",\"@id\":\"https:\\\/\\\/www.graulaw.eu\\\/de\\\/die-grau-rechtsanwaelte-partgmbb-war-im-jahr-2014-erneut-consulting-partner-des-polnischen-wirtschaftsministeriums-auf-der-cebit\\\/#article\",\"isPartOf\":{\"@id\":\"https:\\\/\\\/www.graulaw.eu\\\/de\\\/die-grau-rechtsanwaelte-partgmbb-war-im-jahr-2014-erneut-consulting-partner-des-polnischen-wirtschaftsministeriums-auf-der-cebit\\\/\"},\"author\":{\"name\":\"Adriana Grau\",\"@id\":\"https:\\\/\\\/www.graulaw.eu\\\/de\\\/#\\\/schema\\\/person\\\/b182b7c344b7fc20f8bf1eed88c19140\"},\"headline\":\"GRAU Rechtsanw\u00e4lte als Consulting-Partner des polnischen Wirtschaftsministeriums auf der CeBit 2014\",\"datePublished\":\"2014-03-05T15:55:50+00:00\",\"dateModified\":\"2022-10-01T11:31:07+00:00\",\"mainEntityOfPage\":{\"@id\":\"https:\\\/\\\/www.graulaw.eu\\\/de\\\/die-grau-rechtsanwaelte-partgmbb-war-im-jahr-2014-erneut-consulting-partner-des-polnischen-wirtschaftsministeriums-auf-der-cebit\\\/\"},\"wordCount\":331,\"publisher\":{\"@id\":\"https:\\\/\\\/www.graulaw.eu\\\/de\\\/#organization\"},\"image\":{\"@id\":\"https:\\\/\\\/www.graulaw.eu\\\/de\\\/die-grau-rechtsanwaelte-partgmbb-war-im-jahr-2014-erneut-consulting-partner-des-polnischen-wirtschaftsministeriums-auf-der-cebit\\\/#primaryimage\"},\"thumbnailUrl\":\"https:\\\/\\\/www.graulaw.eu\\\/wp-content\\\/uploads\\\/2014\\\/03\\\/CEBIT2014-min-scaled.jpg\",\"articleSection\":[\"Geistiges Eigentum\",\"Thema\",\"Inhalt\",\"Veranstaltungen\"],\"inLanguage\":\"de\"},{\"@type\":\"WebPage\",\"@id\":\"https:\\\/\\\/www.graulaw.eu\\\/de\\\/die-grau-rechtsanwaelte-partgmbb-war-im-jahr-2014-erneut-consulting-partner-des-polnischen-wirtschaftsministeriums-auf-der-cebit\\\/\",\"url\":\"https:\\\/\\\/www.graulaw.eu\\\/de\\\/die-grau-rechtsanwaelte-partgmbb-war-im-jahr-2014-erneut-consulting-partner-des-polnischen-wirtschaftsministeriums-auf-der-cebit\\\/\",\"name\":\"GRAU Rechtsanw\u00e4lte als Consulting-Partner des polnischen Wirtschaftsministeriums auf der CeBit 2014 | Grau Rechtsanw\u00e4lte PartGmbB\",\"isPartOf\":{\"@id\":\"https:\\\/\\\/www.graulaw.eu\\\/de\\\/#website\"},\"primaryImageOfPage\":{\"@id\":\"https:\\\/\\\/www.graulaw.eu\\\/de\\\/die-grau-rechtsanwaelte-partgmbb-war-im-jahr-2014-erneut-consulting-partner-des-polnischen-wirtschaftsministeriums-auf-der-cebit\\\/#primaryimage\"},\"image\":{\"@id\":\"https:\\\/\\\/www.graulaw.eu\\\/de\\\/die-grau-rechtsanwaelte-partgmbb-war-im-jahr-2014-erneut-consulting-partner-des-polnischen-wirtschaftsministeriums-auf-der-cebit\\\/#primaryimage\"},\"thumbnailUrl\":\"https:\\\/\\\/www.graulaw.eu\\\/wp-content\\\/uploads\\\/2014\\\/03\\\/CEBIT2014-min-scaled.jpg\",\"datePublished\":\"2014-03-05T15:55:50+00:00\",\"dateModified\":\"2022-10-01T11:31:07+00:00\",\"breadcrumb\":{\"@id\":\"https:\\\/\\\/www.graulaw.eu\\\/de\\\/die-grau-rechtsanwaelte-partgmbb-war-im-jahr-2014-erneut-consulting-partner-des-polnischen-wirtschaftsministeriums-auf-der-cebit\\\/#breadcrumb\"},\"inLanguage\":\"de\",\"potentialAction\":[{\"@type\":\"ReadAction\",\"target\":[\"https:\\\/\\\/www.graulaw.eu\\\/de\\\/die-grau-rechtsanwaelte-partgmbb-war-im-jahr-2014-erneut-consulting-partner-des-polnischen-wirtschaftsministeriums-auf-der-cebit\\\/\"]}]},{\"@type\":\"ImageObject\",\"inLanguage\":\"de\",\"@id\":\"https:\\\/\\\/www.graulaw.eu\\\/de\\\/die-grau-rechtsanwaelte-partgmbb-war-im-jahr-2014-erneut-consulting-partner-des-polnischen-wirtschaftsministeriums-auf-der-cebit\\\/#primaryimage\",\"url\":\"https:\\\/\\\/www.graulaw.eu\\\/wp-content\\\/uploads\\\/2014\\\/03\\\/CEBIT2014-min-scaled.jpg\",\"contentUrl\":\"https:\\\/\\\/www.graulaw.eu\\\/wp-content\\\/uploads\\\/2014\\\/03\\\/CEBIT2014-min-scaled.jpg\",\"width\":2560,\"height\":1729},{\"@type\":\"BreadcrumbList\",\"@id\":\"https:\\\/\\\/www.graulaw.eu\\\/de\\\/die-grau-rechtsanwaelte-partgmbb-war-im-jahr-2014-erneut-consulting-partner-des-polnischen-wirtschaftsministeriums-auf-der-cebit\\\/#breadcrumb\",\"itemListElement\":[{\"@type\":\"ListItem\",\"position\":1,\"name\":\"Home\",\"item\":\"https:\\\/\\\/www.graulaw.eu\\\/de\\\/\"},{\"@type\":\"ListItem\",\"position\":2,\"name\":\"GRAU Rechtsanw\u00e4lte als Consulting-Partner des polnischen Wirtschaftsministeriums auf der CeBit 2014\"}]},{\"@type\":\"WebSite\",\"@id\":\"https:\\\/\\\/www.graulaw.eu\\\/de\\\/#website\",\"url\":\"https:\\\/\\\/www.graulaw.eu\\\/de\\\/\",\"name\":\"Grau Rechtsanw\u00e4lte PartGmbB\",\"description\":\"GRAU Rechtsanw\u00e4lte PartGmbB ist eine international ausgerichtete Rechtsanwaltskanzlei mit wirtschaftsrechtlicher Ausrichtung und Sitz in Hamburg.\",\"publisher\":{\"@id\":\"https:\\\/\\\/www.graulaw.eu\\\/de\\\/#organization\"},\"potentialAction\":[{\"@type\":\"SearchAction\",\"target\":{\"@type\":\"EntryPoint\",\"urlTemplate\":\"https:\\\/\\\/www.graulaw.eu\\\/de\\\/?s={search_term_string}\"},\"query-input\":{\"@type\":\"PropertyValueSpecification\",\"valueRequired\":true,\"valueName\":\"search_term_string\"}}],\"inLanguage\":\"de\"},{\"@type\":\"Organization\",\"@id\":\"https:\\\/\\\/www.graulaw.eu\\\/de\\\/#organization\",\"name\":\"Grau Rechtsanw\u00e4lte PartGmbB\",\"url\":\"https:\\\/\\\/www.graulaw.eu\\\/de\\\/\",\"logo\":{\"@type\":\"ImageObject\",\"inLanguage\":\"de\",\"@id\":\"https:\\\/\\\/www.graulaw.eu\\\/de\\\/#\\\/schema\\\/logo\\\/image\\\/\",\"url\":\"https:\\\/\\\/www.graulaw.eu\\\/wp-content\\\/uploads\\\/2022\\\/04\\\/logo.svg\",\"contentUrl\":\"https:\\\/\\\/www.graulaw.eu\\\/wp-content\\\/uploads\\\/2022\\\/04\\\/logo.svg\",\"width\":150,\"height\":48,\"caption\":\"Grau Rechtsanw\u00e4lte PartGmbB\"},\"image\":{\"@id\":\"https:\\\/\\\/www.graulaw.eu\\\/de\\\/#\\\/schema\\\/logo\\\/image\\\/\"},\"sameAs\":[\"https:\\\/\\\/www.facebook.com\\\/ecommercegermany\",\"https:\\\/\\\/www.facebook.com\\\/graulawtransport\",\"https:\\\/\\\/www.linkedin.com\\\/company\\\/graulaw\\\/\"]},{\"@type\":\"Person\",\"@id\":\"https:\\\/\\\/www.graulaw.eu\\\/de\\\/#\\\/schema\\\/person\\\/b182b7c344b7fc20f8bf1eed88c19140\",\"name\":\"Adriana Grau\",\"url\":\"https:\\\/\\\/www.graulaw.eu\\\/de\\\/author\\\/adriana-grau\\\/\"}]}<\/script>\n<!-- \/ Yoast SEO plugin. -->","yoast_head_json":{"title":"GRAU Rechtsanw\u00e4lte als Consulting-Partner des polnischen Wirtschaftsministeriums auf der CeBit 2014 | Grau Rechtsanw\u00e4lte PartGmbB","robots":{"index":"index","follow":"follow","max-snippet":"max-snippet:-1","max-image-preview":"max-image-preview:large","max-video-preview":"max-video-preview:-1"},"canonical":"https:\/\/www.graulaw.eu\/de\/die-grau-rechtsanwaelte-partgmbb-war-im-jahr-2014-erneut-consulting-partner-des-polnischen-wirtschaftsministeriums-auf-der-cebit\/","og_locale":"de_DE","og_type":"article","og_title":"GRAU Rechtsanw\u00e4lte als Consulting-Partner des polnischen Wirtschaftsministeriums auf der CeBit 2014 | Grau Rechtsanw\u00e4lte PartGmbB","og_description":"Die GRAU Rechtsanw\u00e4lte PartGmbB war auch im Jahr 2014 Consulting-Partner des polnischen Wirtschaftsministeriums auf der CeBIT. Nach erfolgreichen Zusammenarbeit im Jahr 2013 war die Grau Rechtsanw\u00e4lte PartGmbB auch in diesem Jahr Consulting Partner des polnischen Wirtschaftsministeriums auf der allj\u00e4hrlich im M\u00e4rz stattfindenden Messe f\u00fcr Kommunikationstechnologie CeBIT. Wie im Vorjahr war die Grau Rechtsanw\u00e4lte PartGmbB wieder [&hellip;]","og_url":"https:\/\/www.graulaw.eu\/de\/die-grau-rechtsanwaelte-partgmbb-war-im-jahr-2014-erneut-consulting-partner-des-polnischen-wirtschaftsministeriums-auf-der-cebit\/","og_site_name":"Grau Rechtsanw\u00e4lte PartGmbB","article_publisher":"https:\/\/www.facebook.com\/ecommercegermany","article_published_time":"2014-03-05T15:55:50+00:00","article_modified_time":"2022-10-01T11:31:07+00:00","og_image":[{"width":2560,"height":1729,"url":"https:\/\/www.graulaw.eu\/wp-content\/uploads\/2014\/03\/CEBIT2014-min-scaled.jpg","type":"image\/jpeg"}],"author":"Adriana Grau","twitter_card":"summary_large_image","twitter_misc":{"Verfasst von":"Adriana Grau","Gesch\u00e4tzte Lesezeit":"3\u00a0Minuten"},"schema":{"@context":"https:\/\/schema.org","@graph":[{"@type":"Article","@id":"https:\/\/www.graulaw.eu\/de\/die-grau-rechtsanwaelte-partgmbb-war-im-jahr-2014-erneut-consulting-partner-des-polnischen-wirtschaftsministeriums-auf-der-cebit\/#article","isPartOf":{"@id":"https:\/\/www.graulaw.eu\/de\/die-grau-rechtsanwaelte-partgmbb-war-im-jahr-2014-erneut-consulting-partner-des-polnischen-wirtschaftsministeriums-auf-der-cebit\/"},"author":{"name":"Adriana Grau","@id":"https:\/\/www.graulaw.eu\/de\/#\/schema\/person\/b182b7c344b7fc20f8bf1eed88c19140"},"headline":"GRAU Rechtsanw\u00e4lte als Consulting-Partner des polnischen Wirtschaftsministeriums auf der CeBit 2014","datePublished":"2014-03-05T15:55:50+00:00","dateModified":"2022-10-01T11:31:07+00:00","mainEntityOfPage":{"@id":"https:\/\/www.graulaw.eu\/de\/die-grau-rechtsanwaelte-partgmbb-war-im-jahr-2014-erneut-consulting-partner-des-polnischen-wirtschaftsministeriums-auf-der-cebit\/"},"wordCount":331,"publisher":{"@id":"https:\/\/www.graulaw.eu\/de\/#organization"},"image":{"@id":"https:\/\/www.graulaw.eu\/de\/die-grau-rechtsanwaelte-partgmbb-war-im-jahr-2014-erneut-consulting-partner-des-polnischen-wirtschaftsministeriums-auf-der-cebit\/#primaryimage"},"thumbnailUrl":"https:\/\/www.graulaw.eu\/wp-content\/uploads\/2014\/03\/CEBIT2014-min-scaled.jpg","articleSection":["Geistiges Eigentum","Thema","Inhalt","Veranstaltungen"],"inLanguage":"de"},{"@type":"WebPage","@id":"https:\/\/www.graulaw.eu\/de\/die-grau-rechtsanwaelte-partgmbb-war-im-jahr-2014-erneut-consulting-partner-des-polnischen-wirtschaftsministeriums-auf-der-cebit\/","url":"https:\/\/www.graulaw.eu\/de\/die-grau-rechtsanwaelte-partgmbb-war-im-jahr-2014-erneut-consulting-partner-des-polnischen-wirtschaftsministeriums-auf-der-cebit\/","name":"GRAU Rechtsanw\u00e4lte als Consulting-Partner des polnischen Wirtschaftsministeriums auf der CeBit 2014 | Grau Rechtsanw\u00e4lte PartGmbB","isPartOf":{"@id":"https:\/\/www.graulaw.eu\/de\/#website"},"primaryImageOfPage":{"@id":"https:\/\/www.graulaw.eu\/de\/die-grau-rechtsanwaelte-partgmbb-war-im-jahr-2014-erneut-consulting-partner-des-polnischen-wirtschaftsministeriums-auf-der-cebit\/#primaryimage"},"image":{"@id":"https:\/\/www.graulaw.eu\/de\/die-grau-rechtsanwaelte-partgmbb-war-im-jahr-2014-erneut-consulting-partner-des-polnischen-wirtschaftsministeriums-auf-der-cebit\/#primaryimage"},"thumbnailUrl":"https:\/\/www.graulaw.eu\/wp-content\/uploads\/2014\/03\/CEBIT2014-min-scaled.jpg","datePublished":"2014-03-05T15:55:50+00:00","dateModified":"2022-10-01T11:31:07+00:00","breadcrumb":{"@id":"https:\/\/www.graulaw.eu\/de\/die-grau-rechtsanwaelte-partgmbb-war-im-jahr-2014-erneut-consulting-partner-des-polnischen-wirtschaftsministeriums-auf-der-cebit\/#breadcrumb"},"inLanguage":"de","potentialAction":[{"@type":"ReadAction","target":["https:\/\/www.graulaw.eu\/de\/die-grau-rechtsanwaelte-partgmbb-war-im-jahr-2014-erneut-consulting-partner-des-polnischen-wirtschaftsministeriums-auf-der-cebit\/"]}]},{"@type":"ImageObject","inLanguage":"de","@id":"https:\/\/www.graulaw.eu\/de\/die-grau-rechtsanwaelte-partgmbb-war-im-jahr-2014-erneut-consulting-partner-des-polnischen-wirtschaftsministeriums-auf-der-cebit\/#primaryimage","url":"https:\/\/www.graulaw.eu\/wp-content\/uploads\/2014\/03\/CEBIT2014-min-scaled.jpg","contentUrl":"https:\/\/www.graulaw.eu\/wp-content\/uploads\/2014\/03\/CEBIT2014-min-scaled.jpg","width":2560,"height":1729},{"@type":"BreadcrumbList","@id":"https:\/\/www.graulaw.eu\/de\/die-grau-rechtsanwaelte-partgmbb-war-im-jahr-2014-erneut-consulting-partner-des-polnischen-wirtschaftsministeriums-auf-der-cebit\/#breadcrumb","itemListElement":[{"@type":"ListItem","position":1,"name":"Home","item":"https:\/\/www.graulaw.eu\/de\/"},{"@type":"ListItem","position":2,"name":"GRAU Rechtsanw\u00e4lte als Consulting-Partner des polnischen Wirtschaftsministeriums auf der CeBit 2014"}]},{"@type":"WebSite","@id":"https:\/\/www.graulaw.eu\/de\/#website","url":"https:\/\/www.graulaw.eu\/de\/","name":"Grau Rechtsanw\u00e4lte PartGmbB","description":"GRAU Rechtsanw\u00e4lte PartGmbB ist eine international ausgerichtete Rechtsanwaltskanzlei mit wirtschaftsrechtlicher Ausrichtung und Sitz in Hamburg.","publisher":{"@id":"https:\/\/www.graulaw.eu\/de\/#organization"},"potentialAction":[{"@type":"SearchAction","target":{"@type":"EntryPoint","urlTemplate":"https:\/\/www.graulaw.eu\/de\/?s={search_term_string}"},"query-input":{"@type":"PropertyValueSpecification","valueRequired":true,"valueName":"search_term_string"}}],"inLanguage":"de"},{"@type":"Organization","@id":"https:\/\/www.graulaw.eu\/de\/#organization","name":"Grau Rechtsanw\u00e4lte PartGmbB","url":"https:\/\/www.graulaw.eu\/de\/","logo":{"@type":"ImageObject","inLanguage":"de","@id":"https:\/\/www.graulaw.eu\/de\/#\/schema\/logo\/image\/","url":"https:\/\/www.graulaw.eu\/wp-content\/uploads\/2022\/04\/logo.svg","contentUrl":"https:\/\/www.graulaw.eu\/wp-content\/uploads\/2022\/04\/logo.svg","width":150,"height":48,"caption":"Grau Rechtsanw\u00e4lte PartGmbB"},"image":{"@id":"https:\/\/www.graulaw.eu\/de\/#\/schema\/logo\/image\/"},"sameAs":["https:\/\/www.facebook.com\/ecommercegermany","https:\/\/www.facebook.com\/graulawtransport","https:\/\/www.linkedin.com\/company\/graulaw\/"]},{"@type":"Person","@id":"https:\/\/www.graulaw.eu\/de\/#\/schema\/person\/b182b7c344b7fc20f8bf1eed88c19140","name":"Adriana Grau","url":"https:\/\/www.graulaw.eu\/de\/author\/adriana-grau\/"}]}},"_links":{"self":[{"href":"https:\/\/www.graulaw.eu\/de\/wp-json\/wp\/v2\/posts\/4020","targetHints":{"allow":["GET"]}}],"collection":[{"href":"https:\/\/www.graulaw.eu\/de\/wp-json\/wp\/v2\/posts"}],"about":[{"href":"https:\/\/www.graulaw.eu\/de\/wp-json\/wp\/v2\/types\/post"}],"author":[{"embeddable":true,"href":"https:\/\/www.graulaw.eu\/de\/wp-json\/wp\/v2\/users\/8"}],"replies":[{"embeddable":true,"href":"https:\/\/www.graulaw.eu\/de\/wp-json\/wp\/v2\/comments?post=4020"}],"version-history":[{"count":11,"href":"https:\/\/www.graulaw.eu\/de\/wp-json\/wp\/v2\/posts\/4020\/revisions"}],"predecessor-version":[{"id":6808,"href":"https:\/\/www.graulaw.eu\/de\/wp-json\/wp\/v2\/posts\/4020\/revisions\/6808"}],"wp:featuredmedia":[{"embeddable":true,"href":"https:\/\/www.graulaw.eu\/de\/wp-json\/wp\/v2\/media\/4804"}],"wp:attachment":[{"href":"https:\/\/www.graulaw.eu\/de\/wp-json\/wp\/v2\/media?parent=4020"}],"wp:term":[{"taxonomy":"category","embeddable":true,"href":"https:\/\/www.graulaw.eu\/de\/wp-json\/wp\/v2\/categories?post=4020"},{"taxonomy":"post_tag","embeddable":true,"href":"https:\/\/www.graulaw.eu\/de\/wp-json\/wp\/v2\/tags?post=4020"}],"curies":[{"name":"wp","href":"https:\/\/api.w.org\/{rel}","templated":true}]}}