{"id":11811,"date":"2025-07-15T19:39:16","date_gmt":"2025-07-15T19:39:16","guid":{"rendered":"https:\/\/www.graulaw.eu\/?p=11811"},"modified":"2025-07-15T19:55:22","modified_gmt":"2025-07-15T19:55:22","slug":"neue-eu-verpackungsverordnung-ppwr-was-aendert-sich-und-ab-wann","status":"publish","type":"post","link":"https:\/\/www.graulaw.eu\/de\/neue-eu-verpackungsverordnung-ppwr-was-aendert-sich-und-ab-wann\/","title":{"rendered":"Neue EU-Verpackungsverordnung (PPWR) \u2013 Was \u00e4ndert sich und ab wann?"},"content":{"rendered":"\t\t<div data-elementor-type=\"wp-post\" data-elementor-id=\"11811\" class=\"elementor elementor-11811 elementor-11801\">\n\t\t\t\t\t\t<section class=\"elementor-section elementor-top-section elementor-element elementor-element-3b06376 elementor-section-boxed elementor-section-height-default elementor-section-height-default\" data-id=\"3b06376\" data-element_type=\"section\" data-e-type=\"section\">\n\t\t\t\t\t\t<div class=\"elementor-container elementor-column-gap-default\">\n\t\t\t\t\t<div class=\"elementor-column elementor-col-100 elementor-top-column elementor-element elementor-element-e76f95b\" data-id=\"e76f95b\" data-element_type=\"column\" data-e-type=\"column\">\n\t\t\t<div class=\"elementor-widget-wrap elementor-element-populated\">\n\t\t\t\t\t\t<div class=\"elementor-element elementor-element-2557aff elementor-blockquote--skin-border elementor-blockquote--button-color-official elementor-widget elementor-widget-blockquote\" data-id=\"2557aff\" data-element_type=\"widget\" data-e-type=\"widget\" data-widget_type=\"blockquote.default\">\n\t\t\t\t<div class=\"elementor-widget-container\">\n\t\t\t\t\t\t\t<blockquote class=\"elementor-blockquote\">\n\t\t\t<p class=\"elementor-blockquote__content\">\n\t\t\t\tAm 22. Januar 2025 wurde die neue EU-Verordnung \u00fcber Verpackungen und Verpackungsabf\u00e4lle (PPWR \u2013 Packaging and Packaging Waste Regulation, Verordnung (EU) 2025\/40) ver\u00f6ffentlicht.\t\t\t<\/p>\n\t\t\t\t\t<\/blockquote>\n\t\t\t\t\t\t<\/div>\n\t\t\t\t<\/div>\n\t\t\t\t\t<\/div>\n\t\t<\/div>\n\t\t\t\t\t<\/div>\n\t\t<\/section>\n\t\t\t\t<section class=\"elementor-section elementor-top-section elementor-element elementor-element-651ec2f elementor-section-boxed elementor-section-height-default elementor-section-height-default\" data-id=\"651ec2f\" data-element_type=\"section\" data-e-type=\"section\">\n\t\t\t\t\t\t<div class=\"elementor-container elementor-column-gap-default\">\n\t\t\t\t\t<div class=\"elementor-column elementor-col-100 elementor-top-column elementor-element elementor-element-9e021f0\" data-id=\"9e021f0\" data-element_type=\"column\" data-e-type=\"column\">\n\t\t\t<div class=\"elementor-widget-wrap elementor-element-populated\">\n\t\t\t\t\t\t<div class=\"elementor-element elementor-element-1c37a5a elementor-share-buttons--view-icon elementor-share-buttons--align-right elementor-share-buttons--color-custom elementor-share-buttons--skin-gradient elementor-share-buttons--shape-square elementor-grid-0 elementor-widget elementor-widget-share-buttons\" data-id=\"1c37a5a\" data-element_type=\"widget\" data-e-type=\"widget\" data-widget_type=\"share-buttons.default\">\n\t\t\t\t<div class=\"elementor-widget-container\">\n\t\t\t\t\t\t\t<div class=\"elementor-grid\">\n\t\t\t\t\t\t\t\t<div class=\"elementor-grid-item\">\n\t\t\t\t\t\t<div class=\"elementor-share-btn elementor-share-btn_facebook\" tabindex=\"0\" aria-label=\"Teilen auf facebook\">\n\t\t\t\t\t\t\t\t\t\t\t\t\t\t\t<span class=\"elementor-share-btn__icon\">\n\t\t\t\t\t\t\t\t<i class=\"fab fa-facebook\" aria-hidden=\"true\"><\/i>\t\t\t\t\t\t\t<\/span>\n\t\t\t\t\t\t\t\t\t\t\t\t\t\t\t\t\t\t\t\t<\/div>\n\t\t\t\t\t<\/div>\n\t\t\t\t\t\t\t\t\t<div class=\"elementor-grid-item\">\n\t\t\t\t\t\t<div class=\"elementor-share-btn elementor-share-btn_linkedin\" tabindex=\"0\" aria-label=\"Teilen auf linkedin\">\n\t\t\t\t\t\t\t\t\t\t\t\t\t\t\t<span class=\"elementor-share-btn__icon\">\n\t\t\t\t\t\t\t\t<i class=\"fab fa-linkedin\" aria-hidden=\"true\"><\/i>\t\t\t\t\t\t\t<\/span>\n\t\t\t\t\t\t\t\t\t\t\t\t\t\t\t\t\t\t\t\t<\/div>\n\t\t\t\t\t<\/div>\n\t\t\t\t\t\t<\/div>\n\t\t\t\t\t\t<\/div>\n\t\t\t\t<\/div>\n\t\t\t\t\t<\/div>\n\t\t<\/div>\n\t\t\t\t\t<\/div>\n\t\t<\/section>\n\t\t\t\t<section class=\"elementor-section elementor-top-section elementor-element elementor-element-51eb1a2 elementor-section-boxed elementor-section-height-default elementor-section-height-default\" data-id=\"51eb1a2\" data-element_type=\"section\" data-e-type=\"section\">\n\t\t\t\t\t\t<div class=\"elementor-container elementor-column-gap-default\">\n\t\t\t\t\t<div class=\"elementor-column elementor-col-100 elementor-top-column elementor-element elementor-element-437242e\" data-id=\"437242e\" data-element_type=\"column\" data-e-type=\"column\">\n\t\t\t<div class=\"elementor-widget-wrap elementor-element-populated\">\n\t\t\t\t\t\t<div class=\"elementor-element elementor-element-53abaa8 elementor-widget elementor-widget-text-editor\" data-id=\"53abaa8\" data-element_type=\"widget\" data-e-type=\"widget\" data-widget_type=\"text-editor.default\">\n\t\t\t\t<div class=\"elementor-widget-container\">\n\t\t\t\t\t\t\t\t\t<p>Sie ist am <strong>12. Februar 2025 in Kraft getreten<\/strong>.<\/p><h2><strong>1. Hintergrund und Zeitplan<\/strong><\/h2><p>\ud83d\udcc5 <strong>Die meisten Regelungen gelten ab dem 12. August 2026<\/strong>, mit einem \u00dcbergangszeitraum von 18 Monaten.<\/p><p>\ud83d\udcc8 Weitere Anforderungen treten schrittweise bis 2040 in Kraft.<\/p><p>Die PPWR ersetzt die bisherige EU-Verpackungsrichtlinie und gilt <strong>unmittelbar in allen EU-Mitgliedstaaten<\/strong> \u2013 ohne nationale Umsetzungsgesetze.<\/p><p>In Deutschland wird ein Gro\u00dfteil des derzeitigen Verpackungsgesetzes (VerpackG) bis August 2026 aufgehoben oder an die neue Verordnung angepasst.<\/p><h2><strong>2. Was sind die wichtigsten \u00c4nderungen?<\/strong><\/h2><h3><strong>a) Design for Recycling<\/strong><\/h3><p>Ab <strong>2030<\/strong> d\u00fcrfen nur noch Verpackungen in Verkehr gebracht werden, die vollst\u00e4ndig recycelbar sind \u2013 gem\u00e4\u00df strengen EU-Kriterien.<\/p><h3><strong>b) Mindestanteil von Recyclingmaterial<\/strong><\/h3><p>Verpackungen aus Kunststoff m\u00fcssen k\u00fcnftig einen vorgeschriebenen Mindestanteil an Recyclingmaterial enthalten \u2013 mit steigenden Quoten.<\/p><h3><strong>c) Reduzierung von Verpackungsabf\u00e4llen<\/strong><\/h3><p>Bis <strong>2040<\/strong> sollen die Verpackungsabf\u00e4lle pro Kopf EU-weit um <strong>15\u202f%<\/strong> gegen\u00fcber dem Niveau von 2018 gesenkt werden.<\/p><h3><strong>d) Mehrweg- und Nachf\u00fcllsysteme<\/strong><\/h3><p>E-Commerce-Unternehmen m\u00fcssen ab 2030 <strong>Mehrwegquoten<\/strong> erf\u00fcllen oder in entsprechende Systeme eingebunden sein.<\/p><h3><strong>e) Verbot \u00fcberdimensionierter und unn\u00f6tiger Verpackungen<\/strong><\/h3><p>Ab 2030 darf der <strong>Leervolumenanteil in Versandverpackungen maximal 50\u202f%<\/strong> betragen. Einwegverpackungen werden in bestimmten Sektoren verboten.<\/p><h3><strong>f) Verbot sch\u00e4dlicher Stoffe<\/strong><\/h3><p>Verpackungen mit Lebensmittelkontakt d\u00fcrfen keine <strong>PFAS oder vergleichbare Schadstoffe<\/strong> enthalten.<\/p><h3><strong>g) Einheitliche Kennzeichnung<\/strong><\/h3><p>Alle Verpackungen m\u00fcssen k\u00fcnftig standardisierte Symbole und Informationen zur <strong>Materialart und Entsorgung<\/strong> tragen (z.\u202fB. Piktogramme, QR-Codes).<\/p><h3><strong>h) Erweiterte Herstellerverantwortung (EPR)<\/strong><\/h3><p>Hersteller, Importeure und H\u00e4ndler m\u00fcssen sich in jedem EU-Land, in dem sie Verpackungen in Verkehr bringen, bei einem <strong>nationalen EPR-Register<\/strong> anmelden \u2013 inklusive <strong>Finanzierung der Sammlung, Sortierung und Verwertung<\/strong>.<\/p><h2><strong>4. Wie ver\u00e4ndert sich die erweiterte Herstellerverantwortung (EPR)?<\/strong><\/h2><p>Die <strong>EPR-Pflichten werden EU-weit vereinheitlicht und ausgeweitet<\/strong>:<\/p><ul><li>Registrierungspflicht in jedem einzelnen EU-Land, in dem verpackte Waren vertrieben werden<\/li><li>Verpflichtung zur <strong>Ernennung eines autorisierten Vertreters<\/strong>, falls keine Niederlassung im Zielland vorhanden ist<\/li><li><strong>Steigende Berichtspflichten<\/strong> (Materialart, Mengen, Rezyklatgehalt)<\/li><li>Volle Kosten\u00fcbernahme f\u00fcr Sammlung, Sortierung, Verwertung<\/li><li>Neue Kennzeichnungspflichten mit Symbolen oder QR-Codes<\/li><\/ul><h2><strong>Fazit: Jetzt vorbereiten \u2013 regulatorische und wirtschaftliche Vorteile sichern<\/strong><\/h2><p>Die neue PPWR stellt insbesondere E-Commerce-Unternehmen vor tiefgreifende Ver\u00e4nderungen \u2013 aber auch Chancen f\u00fcr nachhaltige Verpackungsl\u00f6sungen.<\/p><p>Je fr\u00fcher Sie Ihre Verpackungsstrategie und -prozesse anpassen, desto besser vermeiden Sie Lieferstopps, Bu\u00dfgelder und Compliance-Risiken.<\/p>\t\t\t\t\t\t\t\t<\/div>\n\t\t\t\t<\/div>\n\t\t\t\t\t<\/div>\n\t\t<\/div>\n\t\t\t\t\t<\/div>\n\t\t<\/section>\n\t\t\t\t<section class=\"elementor-section elementor-top-section elementor-element elementor-element-a428a14 elementor-section-boxed elementor-section-height-default elementor-section-height-default\" data-id=\"a428a14\" data-element_type=\"section\" data-e-type=\"section\">\n\t\t\t\t\t\t<div class=\"elementor-container elementor-column-gap-default\">\n\t\t\t\t\t<div class=\"elementor-column elementor-col-100 elementor-top-column elementor-element elementor-element-bdb6132\" data-id=\"bdb6132\" data-element_type=\"column\" data-e-type=\"column\">\n\t\t\t<div class=\"elementor-widget-wrap elementor-element-populated\">\n\t\t\t\t\t\t<div class=\"elementor-element elementor-element-6fae555 elementor-widget elementor-widget-text-editor\" data-id=\"6fae555\" data-element_type=\"widget\" data-e-type=\"widget\" data-widget_type=\"text-editor.default\">\n\t\t\t\t<div class=\"elementor-widget-container\">\n\t\t\t\t\t\t\t\t\t<p><a href=\"https:\/\/www.graulaw.eu\/de\/\">Grau Rechtsanw\u00e4lte PartGmbB<\/a> bietet rechtliche Unterst\u00fctzung im Bereich des <a href=\"https:\/\/www.graulaw.eu\/de\/wirtschaftsrecht\/\">Wirtschaftsrechts<\/a>, angefangen vom <a href=\"https:\/\/www.graulaw.eu\/de\/handelsrecht\/\">Gesellschafts\u2013 und Handelsrecht<\/a>, \u00fcber <a href=\"https:\/\/www.graulaw.eu\/de\/vertriebsrecht\/\">Vertriebsrecht<\/a>, <a href=\"https:\/\/www.graulaw.eu\/de\/arbeitsrecht\/\">Arbeitsrecht<\/a> bis hin zum <a href=\"https:\/\/www.graulaw.eu\/de\/insolvenzrecht\/\">Insolvenzrecht<\/a> und Forderungsmanagement.<\/p>\t\t\t\t\t\t\t\t<\/div>\n\t\t\t\t<\/div>\n\t\t\t\t\t<\/div>\n\t\t<\/div>\n\t\t\t\t\t<\/div>\n\t\t<\/section>\n\t\t\t\t<section class=\"elementor-section elementor-top-section elementor-element elementor-element-2e378f1 elementor-section-boxed elementor-section-height-default elementor-section-height-default\" data-id=\"2e378f1\" data-element_type=\"section\" data-e-type=\"section\">\n\t\t\t\t\t\t<div class=\"elementor-container elementor-column-gap-default\">\n\t\t\t\t\t<div class=\"elementor-column elementor-col-100 elementor-top-column elementor-element elementor-element-dc48086\" data-id=\"dc48086\" data-element_type=\"column\" data-e-type=\"column\">\n\t\t\t<div class=\"elementor-widget-wrap elementor-element-populated\">\n\t\t\t\t\t\t<div class=\"elementor-element elementor-element-4f43554 elementor-widget elementor-widget-text-editor\" data-id=\"4f43554\" data-element_type=\"widget\" data-e-type=\"widget\" data-widget_type=\"text-editor.default\">\n\t\t\t\t<div class=\"elementor-widget-container\">\n\t\t\t\t\t\t\t\t\t<p>Bei weiteren Fragen wenden Sie sich bitte an unsere Kanzlei unter +49 (0) 40 180 364 020 oder <a href=\"mailto:kontakt@graulaw.eu\">kontakt@graulaw.eu<\/a>.<\/p>\t\t\t\t\t\t\t\t<\/div>\n\t\t\t\t<\/div>\n\t\t\t\t\t<\/div>\n\t\t<\/div>\n\t\t\t\t\t<\/div>\n\t\t<\/section>\n\t\t\t\t<\/div>\n\t\t","protected":false},"excerpt":{"rendered":"<p>Am 22. Januar 2025 wurde die neue EU-Verordnung \u00fcber Verpackungen und Verpackungsabf\u00e4lle (PPWR \u2013 Packaging and Packaging Waste Regulation, Verordnung (EU) 2025\/40) ver\u00f6ffentlicht. Sie ist am 12. Februar 2025 in Kraft getreten. 1. Hintergrund und Zeitplan \ud83d\udcc5 Die meisten Regelungen gelten ab dem 12. August 2026, mit einem \u00dcbergangszeitraum von 18 Monaten. \ud83d\udcc8 Weitere Anforderungen [&hellip;]<\/p>\n","protected":false},"author":5,"featured_media":11797,"comment_status":"closed","ping_status":"closed","sticky":false,"template":"","format":"standard","meta":{"inline_featured_image":false,"footnotes":""},"categories":[21,10,26,11,105],"tags":[265,270,441,574,1045,1046,1047,1048,1049,1050,1051,1052],"class_list":["post-11811","post","type-post","status-publish","format-standard","has-post-thumbnail","hentry","category-thema","category-transport-de","category-publikationen","category-e-commerce","category-wirtschaftsrecht","tag-adwokat-w-niemczech-de","tag-graulaw-blog-de","tag-graulaw-de","tag-e-commerce-de","tag-richtlinie-94-62-eg","tag-eu-verpackungsverordnung","tag-aenderungen-im-eu-recht","tag-verpackung","tag-verordnung-ueber-verpackungen-und-verpackungsabfaelle","tag-verpackungsindustrie","tag-verordnung-eu-2025-40-des-europaeischen-parlaments-und-des-rates","tag-ppwr-de"],"yoast_head":"<!-- This site is optimized with the Yoast SEO plugin v27.4 - https:\/\/yoast.com\/product\/yoast-seo-wordpress\/ -->\n<title>Neue EU-Verpackungsverordnung (PPWR) \u2013 Was \u00e4ndert sich und ab wann? | Grau Rechtsanw\u00e4lte PartGmbB<\/title>\n<meta name=\"description\" content=\"Verordnung \u00fcber Verpackungen und Verpackungsabf\u00e4lle. Praktische Rechtsberatung f\u00fcr jeden Unternehmer. Jetzt nachlesen!\" \/>\n<meta name=\"robots\" content=\"index, follow, max-snippet:-1, max-image-preview:large, max-video-preview:-1\" \/>\n<link rel=\"canonical\" href=\"https:\/\/www.graulaw.eu\/de\/neue-eu-verpackungsverordnung-ppwr-was-aendert-sich-und-ab-wann\/\" \/>\n<meta property=\"og:locale\" content=\"de_DE\" \/>\n<meta property=\"og:type\" content=\"article\" \/>\n<meta property=\"og:title\" content=\"Neue EU-Verpackungsverordnung (PPWR) \u2013 Was \u00e4ndert sich und ab wann? | Grau Rechtsanw\u00e4lte PartGmbB\" \/>\n<meta property=\"og:description\" content=\"Verordnung \u00fcber Verpackungen und Verpackungsabf\u00e4lle. Praktische Rechtsberatung f\u00fcr jeden Unternehmer. Jetzt nachlesen!\" \/>\n<meta property=\"og:url\" content=\"https:\/\/www.graulaw.eu\/de\/neue-eu-verpackungsverordnung-ppwr-was-aendert-sich-und-ab-wann\/\" \/>\n<meta property=\"og:site_name\" content=\"Grau Rechtsanw\u00e4lte PartGmbB\" \/>\n<meta property=\"article:publisher\" content=\"https:\/\/www.facebook.com\/ecommercegermany\" \/>\n<meta property=\"article:published_time\" content=\"2025-07-15T19:39:16+00:00\" \/>\n<meta property=\"article:modified_time\" content=\"2025-07-15T19:55:22+00:00\" \/>\n<meta property=\"og:image\" content=\"https:\/\/www.graulaw.eu\/wp-content\/uploads\/2025\/07\/iStock-2158825396-1024x683.jpg\" \/>\n\t<meta property=\"og:image:width\" content=\"1024\" \/>\n\t<meta property=\"og:image:height\" content=\"683\" \/>\n\t<meta property=\"og:image:type\" content=\"image\/jpeg\" \/>\n<meta name=\"author\" content=\"Marzena Helmecka\" \/>\n<meta name=\"twitter:card\" content=\"summary_large_image\" \/>\n<meta name=\"twitter:label1\" content=\"Verfasst von\" \/>\n\t<meta name=\"twitter:data1\" content=\"Marzena Helmecka\" \/>\n\t<meta name=\"twitter:label2\" content=\"Gesch\u00e4tzte Lesezeit\" \/>\n\t<meta name=\"twitter:data2\" content=\"3\u00a0Minuten\" \/>\n<script type=\"application\/ld+json\" class=\"yoast-schema-graph\">{\"@context\":\"https:\\\/\\\/schema.org\",\"@graph\":[{\"@type\":\"Article\",\"@id\":\"https:\\\/\\\/www.graulaw.eu\\\/de\\\/neue-eu-verpackungsverordnung-ppwr-was-aendert-sich-und-ab-wann\\\/#article\",\"isPartOf\":{\"@id\":\"https:\\\/\\\/www.graulaw.eu\\\/de\\\/neue-eu-verpackungsverordnung-ppwr-was-aendert-sich-und-ab-wann\\\/\"},\"author\":{\"name\":\"Marzena Helmecka\",\"@id\":\"https:\\\/\\\/www.graulaw.eu\\\/de\\\/#\\\/schema\\\/person\\\/dacc9eca6bc602109e4c03fc6783ea69\"},\"headline\":\"Neue EU-Verpackungsverordnung (PPWR) \u2013 Was \u00e4ndert sich und ab wann?\",\"datePublished\":\"2025-07-15T19:39:16+00:00\",\"dateModified\":\"2025-07-15T19:55:22+00:00\",\"mainEntityOfPage\":{\"@id\":\"https:\\\/\\\/www.graulaw.eu\\\/de\\\/neue-eu-verpackungsverordnung-ppwr-was-aendert-sich-und-ab-wann\\\/\"},\"wordCount\":415,\"publisher\":{\"@id\":\"https:\\\/\\\/www.graulaw.eu\\\/de\\\/#organization\"},\"image\":{\"@id\":\"https:\\\/\\\/www.graulaw.eu\\\/de\\\/neue-eu-verpackungsverordnung-ppwr-was-aendert-sich-und-ab-wann\\\/#primaryimage\"},\"thumbnailUrl\":\"https:\\\/\\\/www.graulaw.eu\\\/wp-content\\\/uploads\\\/2025\\\/07\\\/iStock-2158825396.jpg\",\"keywords\":[\"adwokat w niemczech\",\"graulaw blog\",\"graulaw\",\"e-commerce\",\"Richtlinie 94\\\/62\\\/EG\",\"EU-Verpackungsverordnung\",\"\u00c4nderungen im EU-Recht\",\"Verpackung\",\"Verordnung \u00fcber Verpackungen und Verpackungsabf\u00e4lle\",\"Verpackungsindustrie\",\"Verordnung (EU) 2025\\\/40 des Europ\u00e4ischen Parlaments und des Rates\",\"PPWR\"],\"articleSection\":[\"Thema\",\"Transport\",\"Publikationen\",\"E-Commerce\",\"Wirtschaftsrecht\"],\"inLanguage\":\"de\"},{\"@type\":\"WebPage\",\"@id\":\"https:\\\/\\\/www.graulaw.eu\\\/de\\\/neue-eu-verpackungsverordnung-ppwr-was-aendert-sich-und-ab-wann\\\/\",\"url\":\"https:\\\/\\\/www.graulaw.eu\\\/de\\\/neue-eu-verpackungsverordnung-ppwr-was-aendert-sich-und-ab-wann\\\/\",\"name\":\"Neue EU-Verpackungsverordnung (PPWR) \u2013 Was \u00e4ndert sich und ab wann? | Grau Rechtsanw\u00e4lte PartGmbB\",\"isPartOf\":{\"@id\":\"https:\\\/\\\/www.graulaw.eu\\\/de\\\/#website\"},\"primaryImageOfPage\":{\"@id\":\"https:\\\/\\\/www.graulaw.eu\\\/de\\\/neue-eu-verpackungsverordnung-ppwr-was-aendert-sich-und-ab-wann\\\/#primaryimage\"},\"image\":{\"@id\":\"https:\\\/\\\/www.graulaw.eu\\\/de\\\/neue-eu-verpackungsverordnung-ppwr-was-aendert-sich-und-ab-wann\\\/#primaryimage\"},\"thumbnailUrl\":\"https:\\\/\\\/www.graulaw.eu\\\/wp-content\\\/uploads\\\/2025\\\/07\\\/iStock-2158825396.jpg\",\"datePublished\":\"2025-07-15T19:39:16+00:00\",\"dateModified\":\"2025-07-15T19:55:22+00:00\",\"description\":\"Verordnung \u00fcber Verpackungen und Verpackungsabf\u00e4lle. Praktische Rechtsberatung f\u00fcr jeden Unternehmer. Jetzt nachlesen!\",\"breadcrumb\":{\"@id\":\"https:\\\/\\\/www.graulaw.eu\\\/de\\\/neue-eu-verpackungsverordnung-ppwr-was-aendert-sich-und-ab-wann\\\/#breadcrumb\"},\"inLanguage\":\"de\",\"potentialAction\":[{\"@type\":\"ReadAction\",\"target\":[\"https:\\\/\\\/www.graulaw.eu\\\/de\\\/neue-eu-verpackungsverordnung-ppwr-was-aendert-sich-und-ab-wann\\\/\"]}]},{\"@type\":\"ImageObject\",\"inLanguage\":\"de\",\"@id\":\"https:\\\/\\\/www.graulaw.eu\\\/de\\\/neue-eu-verpackungsverordnung-ppwr-was-aendert-sich-und-ab-wann\\\/#primaryimage\",\"url\":\"https:\\\/\\\/www.graulaw.eu\\\/wp-content\\\/uploads\\\/2025\\\/07\\\/iStock-2158825396.jpg\",\"contentUrl\":\"https:\\\/\\\/www.graulaw.eu\\\/wp-content\\\/uploads\\\/2025\\\/07\\\/iStock-2158825396.jpg\",\"width\":2121,\"height\":1414,\"caption\":\"heap of cardboard boxes and one with a green recycling sign in the center, top view\"},{\"@type\":\"BreadcrumbList\",\"@id\":\"https:\\\/\\\/www.graulaw.eu\\\/de\\\/neue-eu-verpackungsverordnung-ppwr-was-aendert-sich-und-ab-wann\\\/#breadcrumb\",\"itemListElement\":[{\"@type\":\"ListItem\",\"position\":1,\"name\":\"Home\",\"item\":\"https:\\\/\\\/www.graulaw.eu\\\/de\\\/\"},{\"@type\":\"ListItem\",\"position\":2,\"name\":\"Neue EU-Verpackungsverordnung (PPWR) \u2013 Was \u00e4ndert sich und ab wann?\"}]},{\"@type\":\"WebSite\",\"@id\":\"https:\\\/\\\/www.graulaw.eu\\\/de\\\/#website\",\"url\":\"https:\\\/\\\/www.graulaw.eu\\\/de\\\/\",\"name\":\"Grau Rechtsanw\u00e4lte PartGmbB\",\"description\":\"GRAU Rechtsanw\u00e4lte PartGmbB ist eine international ausgerichtete Rechtsanwaltskanzlei mit wirtschaftsrechtlicher Ausrichtung und Sitz in Hamburg.\",\"publisher\":{\"@id\":\"https:\\\/\\\/www.graulaw.eu\\\/de\\\/#organization\"},\"potentialAction\":[{\"@type\":\"SearchAction\",\"target\":{\"@type\":\"EntryPoint\",\"urlTemplate\":\"https:\\\/\\\/www.graulaw.eu\\\/de\\\/?s={search_term_string}\"},\"query-input\":{\"@type\":\"PropertyValueSpecification\",\"valueRequired\":true,\"valueName\":\"search_term_string\"}}],\"inLanguage\":\"de\"},{\"@type\":\"Organization\",\"@id\":\"https:\\\/\\\/www.graulaw.eu\\\/de\\\/#organization\",\"name\":\"Grau Rechtsanw\u00e4lte PartGmbB\",\"url\":\"https:\\\/\\\/www.graulaw.eu\\\/de\\\/\",\"logo\":{\"@type\":\"ImageObject\",\"inLanguage\":\"de\",\"@id\":\"https:\\\/\\\/www.graulaw.eu\\\/de\\\/#\\\/schema\\\/logo\\\/image\\\/\",\"url\":\"https:\\\/\\\/www.graulaw.eu\\\/wp-content\\\/uploads\\\/2022\\\/04\\\/logo.svg\",\"contentUrl\":\"https:\\\/\\\/www.graulaw.eu\\\/wp-content\\\/uploads\\\/2022\\\/04\\\/logo.svg\",\"width\":150,\"height\":48,\"caption\":\"Grau Rechtsanw\u00e4lte PartGmbB\"},\"image\":{\"@id\":\"https:\\\/\\\/www.graulaw.eu\\\/de\\\/#\\\/schema\\\/logo\\\/image\\\/\"},\"sameAs\":[\"https:\\\/\\\/www.facebook.com\\\/ecommercegermany\",\"https:\\\/\\\/www.facebook.com\\\/graulawtransport\",\"https:\\\/\\\/www.linkedin.com\\\/company\\\/graulaw\\\/\"]},{\"@type\":\"Person\",\"@id\":\"https:\\\/\\\/www.graulaw.eu\\\/de\\\/#\\\/schema\\\/person\\\/dacc9eca6bc602109e4c03fc6783ea69\",\"name\":\"Marzena Helmecka\",\"url\":\"https:\\\/\\\/www.graulaw.eu\\\/de\\\/author\\\/marzena-helmecka\\\/\"}]}<\/script>\n<!-- \/ Yoast SEO plugin. -->","yoast_head_json":{"title":"Neue EU-Verpackungsverordnung (PPWR) \u2013 Was \u00e4ndert sich und ab wann? | Grau Rechtsanw\u00e4lte PartGmbB","description":"Verordnung \u00fcber Verpackungen und Verpackungsabf\u00e4lle. Praktische Rechtsberatung f\u00fcr jeden Unternehmer. Jetzt nachlesen!","robots":{"index":"index","follow":"follow","max-snippet":"max-snippet:-1","max-image-preview":"max-image-preview:large","max-video-preview":"max-video-preview:-1"},"canonical":"https:\/\/www.graulaw.eu\/de\/neue-eu-verpackungsverordnung-ppwr-was-aendert-sich-und-ab-wann\/","og_locale":"de_DE","og_type":"article","og_title":"Neue EU-Verpackungsverordnung (PPWR) \u2013 Was \u00e4ndert sich und ab wann? | Grau Rechtsanw\u00e4lte PartGmbB","og_description":"Verordnung \u00fcber Verpackungen und Verpackungsabf\u00e4lle. Praktische Rechtsberatung f\u00fcr jeden Unternehmer. Jetzt nachlesen!","og_url":"https:\/\/www.graulaw.eu\/de\/neue-eu-verpackungsverordnung-ppwr-was-aendert-sich-und-ab-wann\/","og_site_name":"Grau Rechtsanw\u00e4lte PartGmbB","article_publisher":"https:\/\/www.facebook.com\/ecommercegermany","article_published_time":"2025-07-15T19:39:16+00:00","article_modified_time":"2025-07-15T19:55:22+00:00","og_image":[{"width":1024,"height":683,"url":"https:\/\/www.graulaw.eu\/wp-content\/uploads\/2025\/07\/iStock-2158825396-1024x683.jpg","type":"image\/jpeg"}],"author":"Marzena Helmecka","twitter_card":"summary_large_image","twitter_misc":{"Verfasst von":"Marzena Helmecka","Gesch\u00e4tzte Lesezeit":"3\u00a0Minuten"},"schema":{"@context":"https:\/\/schema.org","@graph":[{"@type":"Article","@id":"https:\/\/www.graulaw.eu\/de\/neue-eu-verpackungsverordnung-ppwr-was-aendert-sich-und-ab-wann\/#article","isPartOf":{"@id":"https:\/\/www.graulaw.eu\/de\/neue-eu-verpackungsverordnung-ppwr-was-aendert-sich-und-ab-wann\/"},"author":{"name":"Marzena Helmecka","@id":"https:\/\/www.graulaw.eu\/de\/#\/schema\/person\/dacc9eca6bc602109e4c03fc6783ea69"},"headline":"Neue EU-Verpackungsverordnung (PPWR) \u2013 Was \u00e4ndert sich und ab wann?","datePublished":"2025-07-15T19:39:16+00:00","dateModified":"2025-07-15T19:55:22+00:00","mainEntityOfPage":{"@id":"https:\/\/www.graulaw.eu\/de\/neue-eu-verpackungsverordnung-ppwr-was-aendert-sich-und-ab-wann\/"},"wordCount":415,"publisher":{"@id":"https:\/\/www.graulaw.eu\/de\/#organization"},"image":{"@id":"https:\/\/www.graulaw.eu\/de\/neue-eu-verpackungsverordnung-ppwr-was-aendert-sich-und-ab-wann\/#primaryimage"},"thumbnailUrl":"https:\/\/www.graulaw.eu\/wp-content\/uploads\/2025\/07\/iStock-2158825396.jpg","keywords":["adwokat w niemczech","graulaw blog","graulaw","e-commerce","Richtlinie 94\/62\/EG","EU-Verpackungsverordnung","\u00c4nderungen im EU-Recht","Verpackung","Verordnung \u00fcber Verpackungen und Verpackungsabf\u00e4lle","Verpackungsindustrie","Verordnung (EU) 2025\/40 des Europ\u00e4ischen Parlaments und des Rates","PPWR"],"articleSection":["Thema","Transport","Publikationen","E-Commerce","Wirtschaftsrecht"],"inLanguage":"de"},{"@type":"WebPage","@id":"https:\/\/www.graulaw.eu\/de\/neue-eu-verpackungsverordnung-ppwr-was-aendert-sich-und-ab-wann\/","url":"https:\/\/www.graulaw.eu\/de\/neue-eu-verpackungsverordnung-ppwr-was-aendert-sich-und-ab-wann\/","name":"Neue EU-Verpackungsverordnung (PPWR) \u2013 Was \u00e4ndert sich und ab wann? | Grau Rechtsanw\u00e4lte PartGmbB","isPartOf":{"@id":"https:\/\/www.graulaw.eu\/de\/#website"},"primaryImageOfPage":{"@id":"https:\/\/www.graulaw.eu\/de\/neue-eu-verpackungsverordnung-ppwr-was-aendert-sich-und-ab-wann\/#primaryimage"},"image":{"@id":"https:\/\/www.graulaw.eu\/de\/neue-eu-verpackungsverordnung-ppwr-was-aendert-sich-und-ab-wann\/#primaryimage"},"thumbnailUrl":"https:\/\/www.graulaw.eu\/wp-content\/uploads\/2025\/07\/iStock-2158825396.jpg","datePublished":"2025-07-15T19:39:16+00:00","dateModified":"2025-07-15T19:55:22+00:00","description":"Verordnung \u00fcber Verpackungen und Verpackungsabf\u00e4lle. Praktische Rechtsberatung f\u00fcr jeden Unternehmer. Jetzt nachlesen!","breadcrumb":{"@id":"https:\/\/www.graulaw.eu\/de\/neue-eu-verpackungsverordnung-ppwr-was-aendert-sich-und-ab-wann\/#breadcrumb"},"inLanguage":"de","potentialAction":[{"@type":"ReadAction","target":["https:\/\/www.graulaw.eu\/de\/neue-eu-verpackungsverordnung-ppwr-was-aendert-sich-und-ab-wann\/"]}]},{"@type":"ImageObject","inLanguage":"de","@id":"https:\/\/www.graulaw.eu\/de\/neue-eu-verpackungsverordnung-ppwr-was-aendert-sich-und-ab-wann\/#primaryimage","url":"https:\/\/www.graulaw.eu\/wp-content\/uploads\/2025\/07\/iStock-2158825396.jpg","contentUrl":"https:\/\/www.graulaw.eu\/wp-content\/uploads\/2025\/07\/iStock-2158825396.jpg","width":2121,"height":1414,"caption":"heap of cardboard boxes and one with a green recycling sign in the center, top view"},{"@type":"BreadcrumbList","@id":"https:\/\/www.graulaw.eu\/de\/neue-eu-verpackungsverordnung-ppwr-was-aendert-sich-und-ab-wann\/#breadcrumb","itemListElement":[{"@type":"ListItem","position":1,"name":"Home","item":"https:\/\/www.graulaw.eu\/de\/"},{"@type":"ListItem","position":2,"name":"Neue EU-Verpackungsverordnung (PPWR) \u2013 Was \u00e4ndert sich und ab wann?"}]},{"@type":"WebSite","@id":"https:\/\/www.graulaw.eu\/de\/#website","url":"https:\/\/www.graulaw.eu\/de\/","name":"Grau Rechtsanw\u00e4lte PartGmbB","description":"GRAU Rechtsanw\u00e4lte PartGmbB ist eine international ausgerichtete Rechtsanwaltskanzlei mit wirtschaftsrechtlicher Ausrichtung und Sitz in Hamburg.","publisher":{"@id":"https:\/\/www.graulaw.eu\/de\/#organization"},"potentialAction":[{"@type":"SearchAction","target":{"@type":"EntryPoint","urlTemplate":"https:\/\/www.graulaw.eu\/de\/?s={search_term_string}"},"query-input":{"@type":"PropertyValueSpecification","valueRequired":true,"valueName":"search_term_string"}}],"inLanguage":"de"},{"@type":"Organization","@id":"https:\/\/www.graulaw.eu\/de\/#organization","name":"Grau Rechtsanw\u00e4lte PartGmbB","url":"https:\/\/www.graulaw.eu\/de\/","logo":{"@type":"ImageObject","inLanguage":"de","@id":"https:\/\/www.graulaw.eu\/de\/#\/schema\/logo\/image\/","url":"https:\/\/www.graulaw.eu\/wp-content\/uploads\/2022\/04\/logo.svg","contentUrl":"https:\/\/www.graulaw.eu\/wp-content\/uploads\/2022\/04\/logo.svg","width":150,"height":48,"caption":"Grau Rechtsanw\u00e4lte PartGmbB"},"image":{"@id":"https:\/\/www.graulaw.eu\/de\/#\/schema\/logo\/image\/"},"sameAs":["https:\/\/www.facebook.com\/ecommercegermany","https:\/\/www.facebook.com\/graulawtransport","https:\/\/www.linkedin.com\/company\/graulaw\/"]},{"@type":"Person","@id":"https:\/\/www.graulaw.eu\/de\/#\/schema\/person\/dacc9eca6bc602109e4c03fc6783ea69","name":"Marzena Helmecka","url":"https:\/\/www.graulaw.eu\/de\/author\/marzena-helmecka\/"}]}},"_links":{"self":[{"href":"https:\/\/www.graulaw.eu\/de\/wp-json\/wp\/v2\/posts\/11811","targetHints":{"allow":["GET"]}}],"collection":[{"href":"https:\/\/www.graulaw.eu\/de\/wp-json\/wp\/v2\/posts"}],"about":[{"href":"https:\/\/www.graulaw.eu\/de\/wp-json\/wp\/v2\/types\/post"}],"author":[{"embeddable":true,"href":"https:\/\/www.graulaw.eu\/de\/wp-json\/wp\/v2\/users\/5"}],"replies":[{"embeddable":true,"href":"https:\/\/www.graulaw.eu\/de\/wp-json\/wp\/v2\/comments?post=11811"}],"version-history":[{"count":7,"href":"https:\/\/www.graulaw.eu\/de\/wp-json\/wp\/v2\/posts\/11811\/revisions"}],"predecessor-version":[{"id":11818,"href":"https:\/\/www.graulaw.eu\/de\/wp-json\/wp\/v2\/posts\/11811\/revisions\/11818"}],"wp:featuredmedia":[{"embeddable":true,"href":"https:\/\/www.graulaw.eu\/de\/wp-json\/wp\/v2\/media\/11797"}],"wp:attachment":[{"href":"https:\/\/www.graulaw.eu\/de\/wp-json\/wp\/v2\/media?parent=11811"}],"wp:term":[{"taxonomy":"category","embeddable":true,"href":"https:\/\/www.graulaw.eu\/de\/wp-json\/wp\/v2\/categories?post=11811"},{"taxonomy":"post_tag","embeddable":true,"href":"https:\/\/www.graulaw.eu\/de\/wp-json\/wp\/v2\/tags?post=11811"}],"curies":[{"name":"wp","href":"https:\/\/api.w.org\/{rel}","templated":true}]}}